{"id":10313,"date":"2025-09-25T16:45:00","date_gmt":"2025-09-25T19:45:00","guid":{"rendered":"https:\/\/www.comunicarmais.com.br\/site\/?p=10313"},"modified":"2025-09-28T22:53:22","modified_gmt":"2025-09-29T01:53:22","slug":"lei-que-institui-o-dia-de-sao-miguel-arcanjo-em-29-de-setembro-e-sancionada","status":"publish","type":"post","link":"https:\/\/www.comunicarmais.com.br\/site\/2025\/09\/25\/lei-que-institui-o-dia-de-sao-miguel-arcanjo-em-29-de-setembro-e-sancionada\/","title":{"rendered":"Lei que institui o Dia de S\u00e3o Miguel Arcanjo em 29 de setembro \u00e9 sancionada"},"content":{"rendered":"\n<p><strong>Proposta foi apresentada pela deputada Simone Marquetto do MDB de S\u00e3o Paulo<\/strong><\/p>\n\n\n\n<figure class=\"wp-block-image size-full\"><img decoding=\"async\" width=\"860\" height=\"570\" data-src=\"https:\/\/www.comunicarmais.com.br\/site\/wp-content\/uploads\/2025\/09\/imagem_materia.jpg\" alt=\"\" class=\"wp-image-10315 lazyload\" data-srcset=\"https:\/\/www.comunicarmais.com.br\/site\/wp-content\/uploads\/2025\/09\/imagem_materia.jpg 860w, https:\/\/www.comunicarmais.com.br\/site\/wp-content\/uploads\/2025\/09\/imagem_materia-768x509.jpg 768w\" data-sizes=\"(max-width: 860px) 100vw, 860px\" src=\"data:image\/svg+xml;base64,PHN2ZyB3aWR0aD0iMSIgaGVpZ2h0PSIxIiB4bWxucz0iaHR0cDovL3d3dy53My5vcmcvMjAwMC9zdmciPjwvc3ZnPg==\" style=\"--smush-placeholder-width: 860px; --smush-placeholder-aspect-ratio: 860\/570;\" \/><figcaption class=\"wp-element-caption\"><sup>Bas\u00edlica e est\u00e1tua em S\u00e3o Miguel Arcanjo S\u00e3o Paulo <em>(Divulga\u00e7\u00e3o)<\/em><\/sup><\/figcaption><\/figure>\n\n\n\n<p><strong>Ag\u00eancia Senado &#8211; <\/strong>O vice-presidente da Rep\u00fablica, Geraldo Alckmin, sancionou a lei que institui o Dia de S\u00e3o Miguel Arcanjo, a ser celebrado em 29 de setembro. Publicada no <em>Di\u00e1rio Oficial da Uni\u00e3o<\/em> (DOU) nesta quinta-feira (25),a <a href=\"https:\/\/normas.leg.br\/?urn=urn:lex:br:federal:lei:2025-09-24;15219\" target=\"_blank\" rel=\"noreferrer noopener\">Lei 15.219, de 2025<\/a>, tem como objetivo prestar homenagem ao arcanjo e reconhecer sua relev\u00e2ncia hist\u00f3rica e cultural, al\u00e9m de sua import\u00e2ncia para a f\u00e9 cat\u00f3lica do povo brasileiro.\u00a0<\/p>\n\n\n\n<p>A proposta teve origem no <a href=\"https:\/\/www25.senado.leg.br\/web\/atividade\/materias\/-\/materia\/170233\" rel=\"noreferrer noopener\" target=\"_blank\">PL 3.865\/2025<\/a>, apresentado pela deputada Simone Marquetto (MDB-SP). Na justificativa, a parlamentar destacau que a cria\u00e7\u00e3o da data n\u00e3o implica obriga\u00e7\u00e3o de celebra\u00e7\u00e3o estatal nem imp\u00f5e pr\u00e1ticas religiosas, mas funciona como um ato simb\u00f3lico de valoriza\u00e7\u00e3o da devo\u00e7\u00e3o. &nbsp;<\/p>\n\n\n\n<p>\u201cTrata-se de um ato de reconhecimento cultural, hist\u00f3rico e de f\u00e9, como j\u00e1 ocorre com outras datas de valor simb\u00f3lico no calend\u00e1rio nacional, em respeito \u00e0 liberdade religiosa e \u00e0 pluralidade cultural e espiritual do povo brasileiro\u201d, explica na justificativa.&nbsp;<\/p>\n\n\n\n<p>No parecer <a href=\"\/noticias\/materias\/2025\/09\/17\/senado-aprova-29-de-setembro-como-dia-de-sao-miguel-arcanjo\" rel=\"noreferrer noopener\" target=\"_blank\">aprovado no Senado no dia 17 de setembro<\/a>, o relator, senador Izalci Lucas (PL-DF), destaca que a institui\u00e7\u00e3o da data atende a um anseio significativo da sociedade brasileira. &nbsp;<\/p>\n\n\n\n<p>\u201cA institui\u00e7\u00e3o do Dia de S\u00e3o Miguel Arcanjo contribuir\u00e1 para refor\u00e7ar valores de solidariedade, \u00e9tica e prote\u00e7\u00e3o ao pr\u00f3ximo, al\u00e9m de valorizar manifesta\u00e7\u00f5es culturais e religiosas ligadas ao arcanjo. Trata-se, portanto, de medida que, respeitando a laicidade do Estado, reconhece a import\u00e2ncia de uma devo\u00e7\u00e3o que integra o patrim\u00f4nio imaterial e espiritual do povo brasileiro\u201d, afirma no relat\u00f3rio.&nbsp;<\/p>\n\n\n\n<p>S\u00e3o Miguel Arcanjo \u00e9 considerado pela tradi\u00e7\u00e3o crist\u00e3 o Pr\u00edncipe das Mil\u00edcias Celestes e o defensor do povo de Deus contra as for\u00e7as do mal. Sua devo\u00e7\u00e3o \u00e9 marcada por ora\u00e7\u00f5es, romarias e celebra\u00e7\u00f5es em diferentes regi\u00f5es do pa\u00eds, com destaque para o munic\u00edpio paulista que leva seu nome, S\u00e3o Miguel Arcanjo, onde relatos e testemunhos de f\u00e9 consolidaram a cidade como polo de peregrina\u00e7\u00e3o.&nbsp;<\/p>\n\n\n\n<p>Al\u00e9m da forte presen\u00e7a na religiosidade popular, S\u00e3o Miguel \u00e9 reconhecido como padroeiro da Aeron\u00e1utica Mundial, sendo invocado como protetor dos c\u00e9us e das for\u00e7as a\u00e9reas em diversos pa\u00edses. No Brasil, a For\u00e7a A\u00e9rea Brasileira (FAB) mant\u00e9m esse v\u00ednculo, refor\u00e7ando a dimens\u00e3o nacional da homenagem. A escolha de 29 de setembro acompanha o calend\u00e1rio lit\u00fargico da Igreja Cat\u00f3lica, que celebra, nesta data, os tr\u00eas arcanjos Miguel, Rafael e Gabriel.<\/p>\n\n\n\n<p>________________________________________________________________________________________________________________<\/p>\n\n\n<p class=\"wp-block-tag-cloud\"><a href=\"https:\/\/www.comunicarmais.com.br\/site\/tag\/bahia\/\" class=\"tag-cloud-link tag-link-171 tag-link-position-1\" style=\"font-size: 17.922330097087pt;\" aria-label=\"Bahia (116 itens)\">Bahia<\/a>\n<a href=\"https:\/\/www.comunicarmais.com.br\/site\/tag\/bolsonaro\/\" class=\"tag-cloud-link tag-link-112 tag-link-position-2\" style=\"font-size: 11.533980582524pt;\" aria-label=\"Bolsonaro (39 itens)\">Bolsonaro<\/a>\n<a href=\"https:\/\/www.comunicarmais.com.br\/site\/tag\/brasil\/\" class=\"tag-cloud-link tag-link-335 tag-link-position-3\" style=\"font-size: 13.029126213592pt;\" aria-label=\"Brasil (50 itens)\">Brasil<\/a>\n<a href=\"https:\/\/www.comunicarmais.com.br\/site\/tag\/camacari\/\" class=\"tag-cloud-link tag-link-435 tag-link-position-4\" style=\"font-size: 8.8155339805825pt;\" aria-label=\"Cama\u00e7ari (24 itens)\">Cama\u00e7ari<\/a>\n<a href=\"https:\/\/www.comunicarmais.com.br\/site\/tag\/carnaval\/\" class=\"tag-cloud-link tag-link-508 tag-link-position-5\" style=\"font-size: 12.893203883495pt;\" aria-label=\"Carnaval (49 itens)\">Carnaval<\/a>\n<a href=\"https:\/\/www.comunicarmais.com.br\/site\/tag\/cbx\/\" class=\"tag-cloud-link tag-link-1602 tag-link-position-6\" style=\"font-size: 11.398058252427pt;\" aria-label=\"CBX (38 itens)\">CBX<\/a>\n<a href=\"https:\/\/www.comunicarmais.com.br\/site\/tag\/cidade-baixa\/\" class=\"tag-cloud-link tag-link-456 tag-link-position-7\" style=\"font-size: 9.9029126213592pt;\" aria-label=\"Cidade Baixa (29 itens)\">Cidade Baixa<\/a>\n<a href=\"https:\/\/www.comunicarmais.com.br\/site\/tag\/cinema\/\" class=\"tag-cloud-link tag-link-985 tag-link-position-8\" style=\"font-size: 11.126213592233pt;\" aria-label=\"Cinema (36 itens)\">Cinema<\/a>\n<a href=\"https:\/\/www.comunicarmais.com.br\/site\/tag\/cultura\/\" class=\"tag-cloud-link tag-link-231 tag-link-position-9\" style=\"font-size: 12.21359223301pt;\" aria-label=\"Cultura (44 itens)\">Cultura<\/a>\n<a href=\"https:\/\/www.comunicarmais.com.br\/site\/tag\/drogas\/\" class=\"tag-cloud-link tag-link-165 tag-link-position-10\" style=\"font-size: 12.757281553398pt;\" aria-label=\"Drogas (48 itens)\">Drogas<\/a>\n<a href=\"https:\/\/www.comunicarmais.com.br\/site\/tag\/educacao\/\" class=\"tag-cloud-link tag-link-228 tag-link-position-11\" style=\"font-size: 12.621359223301pt;\" aria-label=\"Educa\u00e7\u00e3o (47 itens)\">Educa\u00e7\u00e3o<\/a>\n<a href=\"https:\/\/www.comunicarmais.com.br\/site\/tag\/ensino\/\" class=\"tag-cloud-link tag-link-233 tag-link-position-12\" style=\"font-size: 10.446601941748pt;\" aria-label=\"Ensino (32 itens)\">Ensino<\/a>\n<a href=\"https:\/\/www.comunicarmais.com.br\/site\/tag\/escola\/\" class=\"tag-cloud-link tag-link-229 tag-link-position-13\" style=\"font-size: 9.631067961165pt;\" aria-label=\"Escola (28 itens)\">Escola<\/a>\n<a href=\"https:\/\/www.comunicarmais.com.br\/site\/tag\/eua\/\" class=\"tag-cloud-link tag-link-664 tag-link-position-14\" style=\"font-size: 12.077669902913pt;\" aria-label=\"EUA (43 itens)\">EUA<\/a>\n<a href=\"https:\/\/www.comunicarmais.com.br\/site\/tag\/feira-de-santana\/\" class=\"tag-cloud-link tag-link-642 tag-link-position-15\" style=\"font-size: 9.2233009708738pt;\" aria-label=\"Feira de Santana (26 itens)\">Feira de Santana<\/a>\n<a href=\"https:\/\/www.comunicarmais.com.br\/site\/tag\/ficco\/\" class=\"tag-cloud-link tag-link-143 tag-link-position-16\" style=\"font-size: 9.2233009708738pt;\" aria-label=\"Ficco (26 itens)\">Ficco<\/a>\n<a href=\"https:\/\/www.comunicarmais.com.br\/site\/tag\/folia\/\" class=\"tag-cloud-link tag-link-566 tag-link-position-17\" style=\"font-size: 9.2233009708738pt;\" aria-label=\"Folia (26 itens)\">Folia<\/a>\n<a href=\"https:\/\/www.comunicarmais.com.br\/site\/tag\/futebol\/\" class=\"tag-cloud-link tag-link-40 tag-link-position-18\" style=\"font-size: 13.029126213592pt;\" aria-label=\"Futebol (50 itens)\">Futebol<\/a>\n<a href=\"https:\/\/www.comunicarmais.com.br\/site\/tag\/homicidio\/\" class=\"tag-cloud-link tag-link-101 tag-link-position-19\" style=\"font-size: 10.582524271845pt;\" aria-label=\"Homic\u00eddio (33 itens)\">Homic\u00eddio<\/a>\n<a href=\"https:\/\/www.comunicarmais.com.br\/site\/tag\/itapagipe\/\" class=\"tag-cloud-link tag-link-471 tag-link-position-20\" style=\"font-size: 10.038834951456pt;\" aria-label=\"Itapagipe (30 itens)\">Itapagipe<\/a>\n<a href=\"https:\/\/www.comunicarmais.com.br\/site\/tag\/itaparica\/\" class=\"tag-cloud-link tag-link-301 tag-link-position-21\" style=\"font-size: 8pt;\" aria-label=\"Itaparica (21 itens)\">Itaparica<\/a>\n<a href=\"https:\/\/www.comunicarmais.com.br\/site\/tag\/jeronimo-rodrigues\/\" class=\"tag-cloud-link tag-link-668 tag-link-position-22\" style=\"font-size: 8.2718446601942pt;\" aria-label=\"Jer\u00f4nimo Rodrigues (22 itens)\">Jer\u00f4nimo Rodrigues<\/a>\n<a href=\"https:\/\/www.comunicarmais.com.br\/site\/tag\/justica\/\" class=\"tag-cloud-link tag-link-361 tag-link-position-23\" style=\"font-size: 10.582524271845pt;\" aria-label=\"Justi\u00e7a (33 itens)\">Justi\u00e7a<\/a>\n<a href=\"https:\/\/www.comunicarmais.com.br\/site\/tag\/lauro-de-freitas\/\" class=\"tag-cloud-link tag-link-594 tag-link-position-24\" style=\"font-size: 18.194174757282pt;\" aria-label=\"Lauro de Freitas (122 itens)\">Lauro de Freitas<\/a>\n<a href=\"https:\/\/www.comunicarmais.com.br\/site\/tag\/lazer\/\" class=\"tag-cloud-link tag-link-568 tag-link-position-25\" style=\"font-size: 9.2233009708738pt;\" aria-label=\"Lazer (26 itens)\">Lazer<\/a>\n<a href=\"https:\/\/www.comunicarmais.com.br\/site\/tag\/lula\/\" class=\"tag-cloud-link tag-link-416 tag-link-position-26\" style=\"font-size: 12.21359223301pt;\" aria-label=\"Lula (44 itens)\">Lula<\/a>\n<a href=\"https:\/\/www.comunicarmais.com.br\/site\/tag\/meio-ambiente\/\" class=\"tag-cloud-link tag-link-475 tag-link-position-27\" style=\"font-size: 12.21359223301pt;\" aria-label=\"Meio Ambiente (44 itens)\">Meio Ambiente<\/a>\n<a href=\"https:\/\/www.comunicarmais.com.br\/site\/tag\/mobilidade\/\" class=\"tag-cloud-link tag-link-278 tag-link-position-28\" style=\"font-size: 13.844660194175pt;\" aria-label=\"Mobilidade (58 itens)\">Mobilidade<\/a>\n<a href=\"https:\/\/www.comunicarmais.com.br\/site\/tag\/mulher\/\" class=\"tag-cloud-link tag-link-450 tag-link-position-29\" style=\"font-size: 13.300970873786pt;\" aria-label=\"mulher (53 itens)\">mulher<\/a>\n<a href=\"https:\/\/www.comunicarmais.com.br\/site\/tag\/musica-2\/\" class=\"tag-cloud-link tag-link-747 tag-link-position-30\" style=\"font-size: 12.21359223301pt;\" aria-label=\"M\u00fasica (44 itens)\">M\u00fasica<\/a>\n<a href=\"https:\/\/www.comunicarmais.com.br\/site\/tag\/pcba\/\" class=\"tag-cloud-link tag-link-1332 tag-link-position-31\" style=\"font-size: 15.067961165049pt;\" aria-label=\"PCBA (72 itens)\">PCBA<\/a>\n<a href=\"https:\/\/www.comunicarmais.com.br\/site\/tag\/pmba\/\" class=\"tag-cloud-link tag-link-53 tag-link-position-32\" style=\"font-size: 18.194174757282pt;\" aria-label=\"PMBA (123 itens)\">PMBA<\/a>\n<a href=\"https:\/\/www.comunicarmais.com.br\/site\/tag\/policia-federal\/\" class=\"tag-cloud-link tag-link-620 tag-link-position-33\" style=\"font-size: 8.9514563106796pt;\" aria-label=\"Pol\u00edcia Federal (25 itens)\">Pol\u00edcia Federal<\/a>\n<a href=\"https:\/\/www.comunicarmais.com.br\/site\/tag\/politica\/\" class=\"tag-cloud-link tag-link-495 tag-link-position-34\" style=\"font-size: 16.291262135922pt;\" aria-label=\"Pol\u00edtica (89 itens)\">Pol\u00edtica<\/a>\n<a href=\"https:\/\/www.comunicarmais.com.br\/site\/tag\/rio-de-janeiro\/\" class=\"tag-cloud-link tag-link-152 tag-link-position-35\" style=\"font-size: 9.9029126213592pt;\" aria-label=\"Rio de Janeiro (29 itens)\">Rio de Janeiro<\/a>\n<a href=\"https:\/\/www.comunicarmais.com.br\/site\/tag\/salvador\/\" class=\"tag-cloud-link tag-link-125 tag-link-position-36\" style=\"font-size: 22pt;\" aria-label=\"Salvador (234 itens)\">Salvador<\/a>\n<a href=\"https:\/\/www.comunicarmais.com.br\/site\/tag\/saude\/\" class=\"tag-cloud-link tag-link-42 tag-link-position-37\" style=\"font-size: 17.78640776699pt;\" aria-label=\"Sa\u00fade (115 itens)\">Sa\u00fade<\/a>\n<a href=\"https:\/\/www.comunicarmais.com.br\/site\/tag\/seguranca\/\" class=\"tag-cloud-link tag-link-48 tag-link-position-38\" style=\"font-size: 9.2233009708738pt;\" aria-label=\"Seguran\u00e7a (26 itens)\">Seguran\u00e7a<\/a>\n<a href=\"https:\/\/www.comunicarmais.com.br\/site\/tag\/ssp-ba\/\" class=\"tag-cloud-link tag-link-1937 tag-link-position-39\" style=\"font-size: 8.9514563106796pt;\" aria-label=\"SSP-BA (25 itens)\">SSP-BA<\/a>\n<a href=\"https:\/\/www.comunicarmais.com.br\/site\/tag\/sspba\/\" class=\"tag-cloud-link tag-link-144 tag-link-position-40\" style=\"font-size: 11.398058252427pt;\" aria-label=\"SSPBA (38 itens)\">SSPBA<\/a>\n<a href=\"https:\/\/www.comunicarmais.com.br\/site\/tag\/stf\/\" class=\"tag-cloud-link tag-link-68 tag-link-position-41\" style=\"font-size: 14.252427184466pt;\" aria-label=\"STF (62 itens)\">STF<\/a>\n<a href=\"https:\/\/www.comunicarmais.com.br\/site\/tag\/sao-paulo\/\" class=\"tag-cloud-link tag-link-612 tag-link-position-42\" style=\"font-size: 8pt;\" aria-label=\"S\u00e3o Paulo (21 itens)\">S\u00e3o Paulo<\/a>\n<a href=\"https:\/\/www.comunicarmais.com.br\/site\/tag\/transito-2\/\" class=\"tag-cloud-link tag-link-377 tag-link-position-43\" style=\"font-size: 8.2718446601942pt;\" aria-label=\"tr\u00e2nsito (22 itens)\">tr\u00e2nsito<\/a>\n<a href=\"https:\/\/www.comunicarmais.com.br\/site\/tag\/turismo\/\" class=\"tag-cloud-link tag-link-225 tag-link-position-44\" style=\"font-size: 9.631067961165pt;\" aria-label=\"Turismo (28 itens)\">Turismo<\/a>\n<a href=\"https:\/\/www.comunicarmais.com.br\/site\/tag\/uruguai\/\" class=\"tag-cloud-link tag-link-323 tag-link-position-45\" style=\"font-size: 9.631067961165pt;\" aria-label=\"Uruguai (28 itens)\">Uruguai<\/a><\/p>","protected":false},"excerpt":{"rendered":"<p>Proposta foi apresentada pela deputada Simone Marquetto do MDB de S\u00e3o Paulo<\/p>\n","protected":false},"author":2,"featured_media":10315,"comment_status":"open","ping_status":"open","sticky":false,"template":"","format":"standard","meta":{"_acf_changed":false,"footnotes":""},"categories":[6],"tags":[269,2964,2963,67],"class_list":["post-10313","post","type-post","status-publish","format-standard","has-post-thumbnail","hentry","category-brasil","tag-igreja","tag-santo","tag-sao-miguel-arcanjo","tag-senado"],"acf":[],"yoast_head":"<!-- This site is optimized with the Yoast SEO plugin v26.1.1 - https:\/\/yoast.com\/wordpress\/plugins\/seo\/ -->\n<title>Lei que institui o Dia de S\u00e3o Miguel Arcanjo em 29 de setembro \u00e9 sancionada - Comunicar Mais<\/title>\n<meta name=\"description\" content=\"Proposta foi apresentada pela deputada Simone Marquetto do MDB de S\u00e3o Paulo\" \/>\n<meta name=\"robots\" content=\"index, follow, max-snippet:-1, max-image-preview:large, max-video-preview:-1\" \/>\n<link rel=\"canonical\" href=\"https:\/\/www.comunicarmais.com.br\/site\/2025\/09\/25\/lei-que-institui-o-dia-de-sao-miguel-arcanjo-em-29-de-setembro-e-sancionada\/\" \/>\n<meta property=\"og:locale\" content=\"pt_BR\" \/>\n<meta property=\"og:type\" content=\"article\" \/>\n<meta property=\"og:title\" content=\"Lei que institui o Dia de S\u00e3o Miguel Arcanjo em 29 de setembro \u00e9 sancionada - Comunicar Mais\" \/>\n<meta property=\"og:description\" content=\"Proposta foi apresentada pela deputada Simone Marquetto do MDB de S\u00e3o Paulo\" \/>\n<meta property=\"og:url\" content=\"https:\/\/www.comunicarmais.com.br\/site\/2025\/09\/25\/lei-que-institui-o-dia-de-sao-miguel-arcanjo-em-29-de-setembro-e-sancionada\/\" \/>\n<meta property=\"og:site_name\" content=\"Comunicar Mais\" \/>\n<meta property=\"article:publisher\" content=\"https:\/\/www.facebook.com\/comunicarmais\/\" \/>\n<meta property=\"article:author\" content=\"https:\/\/www.facebook.com\/comunicarmais\/\" \/>\n<meta property=\"article:published_time\" content=\"2025-09-25T19:45:00+00:00\" \/>\n<meta property=\"article:modified_time\" content=\"2025-09-29T01:53:22+00:00\" \/>\n<meta property=\"og:image\" content=\"https:\/\/www.comunicarmais.com.br\/site\/wp-content\/uploads\/2025\/09\/imagem_materia.jpg\" \/>\n\t<meta property=\"og:image:width\" content=\"860\" \/>\n\t<meta property=\"og:image:height\" content=\"570\" \/>\n\t<meta property=\"og:image:type\" content=\"image\/jpeg\" \/>\n<meta name=\"author\" content=\"Comunicar Mais\" \/>\n<meta name=\"twitter:card\" content=\"summary_large_image\" \/>\n<meta name=\"twitter:creator\" content=\"@ComunicarmaisBA\" \/>\n<meta name=\"twitter:site\" content=\"@ComunicarmaisBA\" \/>\n<meta name=\"twitter:label1\" content=\"Escrito por\" \/>\n\t<meta name=\"twitter:data1\" content=\"Comunicar Mais\" \/>\n\t<meta name=\"twitter:label2\" content=\"Est. tempo de leitura\" \/>\n\t<meta name=\"twitter:data2\" content=\"3 minutos\" \/>\n<script type=\"application\/ld+json\" class=\"yoast-schema-graph\">{\"@context\":\"https:\/\/schema.org\",\"@graph\":[{\"@type\":\"WebPage\",\"@id\":\"https:\/\/www.comunicarmais.com.br\/site\/2025\/09\/25\/lei-que-institui-o-dia-de-sao-miguel-arcanjo-em-29-de-setembro-e-sancionada\/\",\"url\":\"https:\/\/www.comunicarmais.com.br\/site\/2025\/09\/25\/lei-que-institui-o-dia-de-sao-miguel-arcanjo-em-29-de-setembro-e-sancionada\/\",\"name\":\"Lei que institui o Dia de S\u00e3o Miguel Arcanjo em 29 de setembro \u00e9 sancionada - Comunicar Mais\",\"isPartOf\":{\"@id\":\"https:\/\/www.comunicarmais.com.br\/site\/#website\"},\"primaryImageOfPage\":{\"@id\":\"https:\/\/www.comunicarmais.com.br\/site\/2025\/09\/25\/lei-que-institui-o-dia-de-sao-miguel-arcanjo-em-29-de-setembro-e-sancionada\/#primaryimage\"},\"image\":{\"@id\":\"https:\/\/www.comunicarmais.com.br\/site\/2025\/09\/25\/lei-que-institui-o-dia-de-sao-miguel-arcanjo-em-29-de-setembro-e-sancionada\/#primaryimage\"},\"thumbnailUrl\":\"https:\/\/www.comunicarmais.com.br\/site\/wp-content\/uploads\/2025\/09\/imagem_materia.jpg\",\"datePublished\":\"2025-09-25T19:45:00+00:00\",\"dateModified\":\"2025-09-29T01:53:22+00:00\",\"author\":{\"@id\":\"https:\/\/www.comunicarmais.com.br\/site\/#\/schema\/person\/712f7b6b25b644e4a91c4173674cf284\"},\"description\":\"Proposta foi apresentada pela deputada Simone Marquetto do MDB de S\u00e3o Paulo\",\"breadcrumb\":{\"@id\":\"https:\/\/www.comunicarmais.com.br\/site\/2025\/09\/25\/lei-que-institui-o-dia-de-sao-miguel-arcanjo-em-29-de-setembro-e-sancionada\/#breadcrumb\"},\"inLanguage\":\"pt-BR\",\"potentialAction\":[{\"@type\":\"ReadAction\",\"target\":[\"https:\/\/www.comunicarmais.com.br\/site\/2025\/09\/25\/lei-que-institui-o-dia-de-sao-miguel-arcanjo-em-29-de-setembro-e-sancionada\/\"]}]},{\"@type\":\"ImageObject\",\"inLanguage\":\"pt-BR\",\"@id\":\"https:\/\/www.comunicarmais.com.br\/site\/2025\/09\/25\/lei-que-institui-o-dia-de-sao-miguel-arcanjo-em-29-de-setembro-e-sancionada\/#primaryimage\",\"url\":\"https:\/\/www.comunicarmais.com.br\/site\/wp-content\/uploads\/2025\/09\/imagem_materia.jpg\",\"contentUrl\":\"https:\/\/www.comunicarmais.com.br\/site\/wp-content\/uploads\/2025\/09\/imagem_materia.jpg\",\"width\":860,\"height\":570},{\"@type\":\"BreadcrumbList\",\"@id\":\"https:\/\/www.comunicarmais.com.br\/site\/2025\/09\/25\/lei-que-institui-o-dia-de-sao-miguel-arcanjo-em-29-de-setembro-e-sancionada\/#breadcrumb\",\"itemListElement\":[{\"@type\":\"ListItem\",\"position\":1,\"name\":\"In\u00edcio\",\"item\":\"https:\/\/www.comunicarmais.com.br\/site\/\"},{\"@type\":\"ListItem\",\"position\":2,\"name\":\"Lei que institui o Dia de S\u00e3o Miguel Arcanjo em 29 de setembro \u00e9 sancionada\"}]},{\"@type\":\"WebSite\",\"@id\":\"https:\/\/www.comunicarmais.com.br\/site\/#website\",\"url\":\"https:\/\/www.comunicarmais.com.br\/site\/\",\"name\":\"Comunicar Mais\",\"description\":\"\",\"potentialAction\":[{\"@type\":\"SearchAction\",\"target\":{\"@type\":\"EntryPoint\",\"urlTemplate\":\"https:\/\/www.comunicarmais.com.br\/site\/?s={search_term_string}\"},\"query-input\":{\"@type\":\"PropertyValueSpecification\",\"valueRequired\":true,\"valueName\":\"search_term_string\"}}],\"inLanguage\":\"pt-BR\"},{\"@type\":\"Person\",\"@id\":\"https:\/\/www.comunicarmais.com.br\/site\/#\/schema\/person\/712f7b6b25b644e4a91c4173674cf284\",\"name\":\"Comunicar Mais\",\"image\":{\"@type\":\"ImageObject\",\"inLanguage\":\"pt-BR\",\"@id\":\"https:\/\/www.comunicarmais.com.br\/site\/#\/schema\/person\/image\/\",\"url\":\"https:\/\/secure.gravatar.com\/avatar\/9803218072e2c0dc265d3d787b54c2c33325e79f79732707fddfbf1efd82c678?s=96&d=mm&r=g\",\"contentUrl\":\"https:\/\/secure.gravatar.com\/avatar\/9803218072e2c0dc265d3d787b54c2c33325e79f79732707fddfbf1efd82c678?s=96&d=mm&r=g\",\"caption\":\"Comunicar Mais\"},\"description\":\"Deixe as ideologias com os ide\u00f3logos. Noticiamos fatos, n\u00e3o brigamos com eles. Aqui, voc\u00ea fica bem informado do que acontece no seu bairro e no mundo. Informar com \u00e9tica e responsabilidade s\u00e3o as bandeiras do Comunicarmais.\",\"sameAs\":[\"https:\/\/www.comunicarmais.com.br\/site\/\",\"https:\/\/www.facebook.com\/comunicarmais\/\",\"https:\/\/www.instagram.com\/comunicarmaisba\/\",\"https:\/\/x.com\/ComunicarmaisBA\"],\"url\":\"https:\/\/www.comunicarmais.com.br\/site\/author\/gerenciador\/\"}]}<\/script>\n<!-- \/ Yoast SEO plugin. -->","yoast_head_json":{"title":"Lei que institui o Dia de S\u00e3o Miguel Arcanjo em 29 de setembro \u00e9 sancionada - Comunicar Mais","description":"Proposta foi apresentada pela deputada Simone Marquetto do MDB de S\u00e3o Paulo","robots":{"index":"index","follow":"follow","max-snippet":"max-snippet:-1","max-image-preview":"max-image-preview:large","max-video-preview":"max-video-preview:-1"},"canonical":"https:\/\/www.comunicarmais.com.br\/site\/2025\/09\/25\/lei-que-institui-o-dia-de-sao-miguel-arcanjo-em-29-de-setembro-e-sancionada\/","og_locale":"pt_BR","og_type":"article","og_title":"Lei que institui o Dia de S\u00e3o Miguel Arcanjo em 29 de setembro \u00e9 sancionada - Comunicar Mais","og_description":"Proposta foi apresentada pela deputada Simone Marquetto do MDB de S\u00e3o Paulo","og_url":"https:\/\/www.comunicarmais.com.br\/site\/2025\/09\/25\/lei-que-institui-o-dia-de-sao-miguel-arcanjo-em-29-de-setembro-e-sancionada\/","og_site_name":"Comunicar Mais","article_publisher":"https:\/\/www.facebook.com\/comunicarmais\/","article_author":"https:\/\/www.facebook.com\/comunicarmais\/","article_published_time":"2025-09-25T19:45:00+00:00","article_modified_time":"2025-09-29T01:53:22+00:00","og_image":[{"width":860,"height":570,"url":"https:\/\/www.comunicarmais.com.br\/site\/wp-content\/uploads\/2025\/09\/imagem_materia.jpg","type":"image\/jpeg"}],"author":"Comunicar Mais","twitter_card":"summary_large_image","twitter_creator":"@ComunicarmaisBA","twitter_site":"@ComunicarmaisBA","twitter_misc":{"Escrito por":"Comunicar Mais","Est. tempo de leitura":"3 minutos"},"schema":{"@context":"https:\/\/schema.org","@graph":[{"@type":"WebPage","@id":"https:\/\/www.comunicarmais.com.br\/site\/2025\/09\/25\/lei-que-institui-o-dia-de-sao-miguel-arcanjo-em-29-de-setembro-e-sancionada\/","url":"https:\/\/www.comunicarmais.com.br\/site\/2025\/09\/25\/lei-que-institui-o-dia-de-sao-miguel-arcanjo-em-29-de-setembro-e-sancionada\/","name":"Lei que institui o Dia de S\u00e3o Miguel Arcanjo em 29 de setembro \u00e9 sancionada - Comunicar Mais","isPartOf":{"@id":"https:\/\/www.comunicarmais.com.br\/site\/#website"},"primaryImageOfPage":{"@id":"https:\/\/www.comunicarmais.com.br\/site\/2025\/09\/25\/lei-que-institui-o-dia-de-sao-miguel-arcanjo-em-29-de-setembro-e-sancionada\/#primaryimage"},"image":{"@id":"https:\/\/www.comunicarmais.com.br\/site\/2025\/09\/25\/lei-que-institui-o-dia-de-sao-miguel-arcanjo-em-29-de-setembro-e-sancionada\/#primaryimage"},"thumbnailUrl":"https:\/\/www.comunicarmais.com.br\/site\/wp-content\/uploads\/2025\/09\/imagem_materia.jpg","datePublished":"2025-09-25T19:45:00+00:00","dateModified":"2025-09-29T01:53:22+00:00","author":{"@id":"https:\/\/www.comunicarmais.com.br\/site\/#\/schema\/person\/712f7b6b25b644e4a91c4173674cf284"},"description":"Proposta foi apresentada pela deputada Simone Marquetto do MDB de S\u00e3o Paulo","breadcrumb":{"@id":"https:\/\/www.comunicarmais.com.br\/site\/2025\/09\/25\/lei-que-institui-o-dia-de-sao-miguel-arcanjo-em-29-de-setembro-e-sancionada\/#breadcrumb"},"inLanguage":"pt-BR","potentialAction":[{"@type":"ReadAction","target":["https:\/\/www.comunicarmais.com.br\/site\/2025\/09\/25\/lei-que-institui-o-dia-de-sao-miguel-arcanjo-em-29-de-setembro-e-sancionada\/"]}]},{"@type":"ImageObject","inLanguage":"pt-BR","@id":"https:\/\/www.comunicarmais.com.br\/site\/2025\/09\/25\/lei-que-institui-o-dia-de-sao-miguel-arcanjo-em-29-de-setembro-e-sancionada\/#primaryimage","url":"https:\/\/www.comunicarmais.com.br\/site\/wp-content\/uploads\/2025\/09\/imagem_materia.jpg","contentUrl":"https:\/\/www.comunicarmais.com.br\/site\/wp-content\/uploads\/2025\/09\/imagem_materia.jpg","width":860,"height":570},{"@type":"BreadcrumbList","@id":"https:\/\/www.comunicarmais.com.br\/site\/2025\/09\/25\/lei-que-institui-o-dia-de-sao-miguel-arcanjo-em-29-de-setembro-e-sancionada\/#breadcrumb","itemListElement":[{"@type":"ListItem","position":1,"name":"In\u00edcio","item":"https:\/\/www.comunicarmais.com.br\/site\/"},{"@type":"ListItem","position":2,"name":"Lei que institui o Dia de S\u00e3o Miguel Arcanjo em 29 de setembro \u00e9 sancionada"}]},{"@type":"WebSite","@id":"https:\/\/www.comunicarmais.com.br\/site\/#website","url":"https:\/\/www.comunicarmais.com.br\/site\/","name":"Comunicar Mais","description":"","potentialAction":[{"@type":"SearchAction","target":{"@type":"EntryPoint","urlTemplate":"https:\/\/www.comunicarmais.com.br\/site\/?s={search_term_string}"},"query-input":{"@type":"PropertyValueSpecification","valueRequired":true,"valueName":"search_term_string"}}],"inLanguage":"pt-BR"},{"@type":"Person","@id":"https:\/\/www.comunicarmais.com.br\/site\/#\/schema\/person\/712f7b6b25b644e4a91c4173674cf284","name":"Comunicar Mais","image":{"@type":"ImageObject","inLanguage":"pt-BR","@id":"https:\/\/www.comunicarmais.com.br\/site\/#\/schema\/person\/image\/","url":"https:\/\/secure.gravatar.com\/avatar\/9803218072e2c0dc265d3d787b54c2c33325e79f79732707fddfbf1efd82c678?s=96&d=mm&r=g","contentUrl":"https:\/\/secure.gravatar.com\/avatar\/9803218072e2c0dc265d3d787b54c2c33325e79f79732707fddfbf1efd82c678?s=96&d=mm&r=g","caption":"Comunicar Mais"},"description":"Deixe as ideologias com os ide\u00f3logos. Noticiamos fatos, n\u00e3o brigamos com eles. Aqui, voc\u00ea fica bem informado do que acontece no seu bairro e no mundo. Informar com \u00e9tica e responsabilidade s\u00e3o as bandeiras do Comunicarmais.","sameAs":["https:\/\/www.comunicarmais.com.br\/site\/","https:\/\/www.facebook.com\/comunicarmais\/","https:\/\/www.instagram.com\/comunicarmaisba\/","https:\/\/x.com\/ComunicarmaisBA"],"url":"https:\/\/www.comunicarmais.com.br\/site\/author\/gerenciador\/"}]}},"_links":{"self":[{"href":"https:\/\/www.comunicarmais.com.br\/site\/wp-json\/wp\/v2\/posts\/10313","targetHints":{"allow":["GET"]}}],"collection":[{"href":"https:\/\/www.comunicarmais.com.br\/site\/wp-json\/wp\/v2\/posts"}],"about":[{"href":"https:\/\/www.comunicarmais.com.br\/site\/wp-json\/wp\/v2\/types\/post"}],"author":[{"embeddable":true,"href":"https:\/\/www.comunicarmais.com.br\/site\/wp-json\/wp\/v2\/users\/2"}],"replies":[{"embeddable":true,"href":"https:\/\/www.comunicarmais.com.br\/site\/wp-json\/wp\/v2\/comments?post=10313"}],"version-history":[{"count":3,"href":"https:\/\/www.comunicarmais.com.br\/site\/wp-json\/wp\/v2\/posts\/10313\/revisions"}],"predecessor-version":[{"id":10319,"href":"https:\/\/www.comunicarmais.com.br\/site\/wp-json\/wp\/v2\/posts\/10313\/revisions\/10319"}],"wp:featuredmedia":[{"embeddable":true,"href":"https:\/\/www.comunicarmais.com.br\/site\/wp-json\/wp\/v2\/media\/10315"}],"wp:attachment":[{"href":"https:\/\/www.comunicarmais.com.br\/site\/wp-json\/wp\/v2\/media?parent=10313"}],"wp:term":[{"taxonomy":"category","embeddable":true,"href":"https:\/\/www.comunicarmais.com.br\/site\/wp-json\/wp\/v2\/categories?post=10313"},{"taxonomy":"post_tag","embeddable":true,"href":"https:\/\/www.comunicarmais.com.br\/site\/wp-json\/wp\/v2\/tags?post=10313"}],"curies":[{"name":"wp","href":"https:\/\/api.w.org\/{rel}","templated":true}]}}