{"id":10305,"date":"2025-09-25T15:11:00","date_gmt":"2025-09-25T18:11:00","guid":{"rendered":"https:\/\/www.comunicarmais.com.br\/site\/?p=10305"},"modified":"2025-09-26T10:18:20","modified_gmt":"2025-09-26T13:18:20","slug":"salvador-lanca-programa-sustentafolia-para-promover-praticas-esg-no-carnaval","status":"publish","type":"post","link":"https:\/\/www.comunicarmais.com.br\/site\/2025\/09\/25\/salvador-lanca-programa-sustentafolia-para-promover-praticas-esg-no-carnaval\/","title":{"rendered":"Salvador lan\u00e7a programa SustentaFolia para promover pr\u00e1ticas ESG no Carnaval"},"content":{"rendered":"\n<p><strong>Programa tem como proposta promover pr\u00e1ticas de sustentabilidade, responsabilidade social e inova\u00e7\u00e3o dentro da cadeia produtiva da maior festa de rua do mundo<\/strong><\/p>\n\n\n\n<figure class=\"wp-block-image size-full\"><img decoding=\"async\" width=\"1280\" height=\"853\" data-src=\"https:\/\/www.comunicarmais.com.br\/site\/wp-content\/uploads\/2025\/09\/WhatsApp-Image-2025-09-25-at-14.46.12.jpeg\" alt=\"\" class=\"wp-image-10307 lazyload\" data-srcset=\"https:\/\/www.comunicarmais.com.br\/site\/wp-content\/uploads\/2025\/09\/WhatsApp-Image-2025-09-25-at-14.46.12.jpeg 1280w, https:\/\/www.comunicarmais.com.br\/site\/wp-content\/uploads\/2025\/09\/WhatsApp-Image-2025-09-25-at-14.46.12-1024x682.jpeg 1024w, https:\/\/www.comunicarmais.com.br\/site\/wp-content\/uploads\/2025\/09\/WhatsApp-Image-2025-09-25-at-14.46.12-768x512.jpeg 768w\" data-sizes=\"(max-width: 1280px) 100vw, 1280px\" src=\"data:image\/svg+xml;base64,PHN2ZyB3aWR0aD0iMSIgaGVpZ2h0PSIxIiB4bWxucz0iaHR0cDovL3d3dy53My5vcmcvMjAwMC9zdmciPjwvc3ZnPg==\" style=\"--smush-placeholder-width: 1280px; --smush-placeholder-aspect-ratio: 1280\/853;\" \/><figcaption class=\"wp-element-caption\"><em><sup>(Foto: Bruno Concha \/ Secom PMS)<\/sup><\/em><\/figcaption><\/figure>\n\n\n\n<p><strong>Reda\u00e7\u00e3o Mais &#8211; <\/strong>Com o objetivo de tornar o Carnaval de Salvador cada vez mais sustent\u00e1vel, inclusivo e alinhado com os princ\u00edpios da nova economia verde, a Prefeitura de Salvador, por meio da Secretaria de Sustentabilidade, Resili\u00eancia, Bem-Estar e Prote\u00e7\u00e3o Animal (Secis), lan\u00e7ou nesta quinta-feira (25) o SustentaFolia. O programa, realizado em parceria com o Sebrae Bahia, \u00e9 in\u00e9dito na cidade e tem como proposta promover pr\u00e1ticas de sustentabilidade, responsabilidade social e inova\u00e7\u00e3o dentro da cadeia produtiva da maior festa de rua do mundo e, consequentemente, outros eventos da capital baiana.<\/p>\n\n\n\n<p>Voltado para micro e pequenas empresas (MPEs) que atuam no fornecimento de servi\u00e7os para blocos, trios e camarotes, al\u00e9m de baianas de acaraj\u00e9 e cooperativas de reciclagem, o programa busca capacitar esses atores com base em pilares como ESG (ambiental, social e governan\u00e7a), empreendedorismo social, economia circular e valoriza\u00e7\u00e3o da cultura. A meta \u00e9 qualificar at\u00e9 50 empresas, envolver 10 baianas de acaraj\u00e9 e fortalecer 10 cooperativas de materiais recicl\u00e1veis at\u00e9 o Carnaval de 2026.<\/p>\n\n\n\n<p>A cerim\u00f4nia de lan\u00e7amento aconteceu no audit\u00f3rio do Sebrae Bahia, em Salvador, e contou com a presen\u00e7a de autoridades p\u00fablicas, lideran\u00e7as do setor empresarial, representantes da cultura popular e organiza\u00e7\u00f5es da sociedade civil.<\/p>\n\n\n\n<p>Em seu discurso, o secret\u00e1rio da Secis, Ivan Euler, destacou a import\u00e2ncia estrat\u00e9gica do programa. \u201cO SustentaFolia nasce de um desejo antigo de integrar a economia circular \u00e0 maior festa popular do mundo. A gente j\u00e1 tem outras experi\u00eancias bem-sucedidas e agora estamos consolidando uma pol\u00edtica que envolve toda a cadeia do Carnaval, com foco na sustentabilidade e na gera\u00e7\u00e3o de renda local\u201d, afirmou.<\/p>\n\n\n\n<figure class=\"wp-block-image size-full\"><img decoding=\"async\" width=\"1280\" height=\"853\" data-src=\"https:\/\/www.comunicarmais.com.br\/site\/wp-content\/uploads\/2025\/09\/WhatsApp-Image-2025-09-25-at-14.46.14.jpeg\" alt=\"\" class=\"wp-image-10308 lazyload\" data-srcset=\"https:\/\/www.comunicarmais.com.br\/site\/wp-content\/uploads\/2025\/09\/WhatsApp-Image-2025-09-25-at-14.46.14.jpeg 1280w, https:\/\/www.comunicarmais.com.br\/site\/wp-content\/uploads\/2025\/09\/WhatsApp-Image-2025-09-25-at-14.46.14-1024x682.jpeg 1024w, https:\/\/www.comunicarmais.com.br\/site\/wp-content\/uploads\/2025\/09\/WhatsApp-Image-2025-09-25-at-14.46.14-768x512.jpeg 768w\" data-sizes=\"(max-width: 1280px) 100vw, 1280px\" src=\"data:image\/svg+xml;base64,PHN2ZyB3aWR0aD0iMSIgaGVpZ2h0PSIxIiB4bWxucz0iaHR0cDovL3d3dy53My5vcmcvMjAwMC9zdmciPjwvc3ZnPg==\" style=\"--smush-placeholder-width: 1280px; --smush-placeholder-aspect-ratio: 1280\/853;\" \/><figcaption class=\"wp-element-caption\"><em><sup>(Foto: Bruno Concha \/ Secom PMS)<\/sup><\/em><\/figcaption><\/figure>\n\n\n\n<p><strong>Funcionamento &#8211;<\/strong> O programa est\u00e1 estruturado em quatro eixos: Inclus\u00e3o e Inova\u00e7\u00e3o, voltado especialmente para cooperativas, com novas abordagens de neg\u00f3cios e oportunidades para gera\u00e7\u00e3o de renda; Capacita\u00e7\u00e3o T\u00e9cnica, com foco em temas como ESG, sustentabilidade e empregos verdes; Consultorias e Acesso ao Mercado, para fortalecer as empresas locais; e Valoriza\u00e7\u00e3o Cultural e Social, com foco no empreendedorismo feminino, especialmente das baianas de acaraj\u00e9.<\/p>\n\n\n\n<p>O superintendente do Sebrae Bahia, Jorge Khoury, refor\u00e7ou que o momento \u00e9 de a\u00e7\u00e3o, n\u00e3o apenas de discurso. \u201c\u00c9 fundamental orientar, mas tamb\u00e9m \u00e9 preciso fazer. E o SustentaFolia faz. Come\u00e7a com anteced\u00eancia, envolve os atores certos e prepara todo o ecossistema do Carnaval para entregar resultados efetivos quando a festa chegar\u201d, declarou.<\/p>\n\n\n\n<p>Para o diretor de Administra\u00e7\u00e3o e Finan\u00e7as do Sebrae Bahia, Vitor Lopes, a iniciativa chega em um momento em que a sustentabilidade se consolida como prioridade para neg\u00f3cios de todos os portes. \u201cEssa parceria \u00e9 muito simb\u00f3lica. Temos uma longa trajet\u00f3ria com a Prefeitura em a\u00e7\u00f5es de desenvolvimento local, e agora ampliamos essa agenda para o Carnaval, que \u00e9 um grande motor econ\u00f4mico e cultural. O SustentaFolia \u00e9 um passo concreto na dire\u00e7\u00e3o de uma cidade mais resiliente, inclusiva e preparada para os desafios clim\u00e1ticos e sociais do nosso tempo.\u201d<\/p>\n\n\n\n<figure class=\"wp-block-image size-full\"><img decoding=\"async\" width=\"1280\" height=\"853\" data-src=\"https:\/\/www.comunicarmais.com.br\/site\/wp-content\/uploads\/2025\/09\/WhatsApp-Image-2025-09-25-at-14.46.13.jpeg\" alt=\"\" class=\"wp-image-10310 lazyload\" data-srcset=\"https:\/\/www.comunicarmais.com.br\/site\/wp-content\/uploads\/2025\/09\/WhatsApp-Image-2025-09-25-at-14.46.13.jpeg 1280w, https:\/\/www.comunicarmais.com.br\/site\/wp-content\/uploads\/2025\/09\/WhatsApp-Image-2025-09-25-at-14.46.13-1024x682.jpeg 1024w, https:\/\/www.comunicarmais.com.br\/site\/wp-content\/uploads\/2025\/09\/WhatsApp-Image-2025-09-25-at-14.46.13-768x512.jpeg 768w\" data-sizes=\"(max-width: 1280px) 100vw, 1280px\" src=\"data:image\/svg+xml;base64,PHN2ZyB3aWR0aD0iMSIgaGVpZ2h0PSIxIiB4bWxucz0iaHR0cDovL3d3dy53My5vcmcvMjAwMC9zdmciPjwvc3ZnPg==\" style=\"--smush-placeholder-width: 1280px; --smush-placeholder-aspect-ratio: 1280\/853;\" \/><figcaption class=\"wp-element-caption\"><em><sup>(Foto: Bruno Concha \/ Secom PMS)<\/sup><\/em><\/figcaption><\/figure>\n\n\n\n<p>Presente ao evento, o subsecret\u00e1rio da Secis, Walter Pinto Jr., detalhou os eixos formativos do programa e ressaltou a valoriza\u00e7\u00e3o da cultura local. \u201cEstamos falando de pr\u00e1ticas concretas que colocam Salvador como refer\u00eancia em inova\u00e7\u00e3o sustent\u00e1vel. Baianas de acaraj\u00e9 e cooperativas t\u00eam um papel central nesse processo. Estamos falando de patrim\u00f4nio cultural e inclus\u00e3o socioprodutiva. O Carnaval \u00e9 tradi\u00e7\u00e3o, mas tamb\u00e9m \u00e9 vanguarda\u201d, pontuou.<\/p>\n\n\n\n<p>A diretora regional da Associa\u00e7\u00e3o Brasileira dos Produtores de Eventos (Abrape\/BA) e diretora executiva do Camarote Salvador, Luciana Villas Boas, elogiou a iniciativa e refor\u00e7ou o compromisso do setor privado. \u201cO Carnaval \u00e9 um palco global. Temos metas ousadas como a de sermos \u2018lixo zero\u2019 at\u00e9 2027 no Camarote Salvador. Programas como o SustentaFolia ajudam a acelerar essa transforma\u00e7\u00e3o e mostram que a sustentabilidade \u00e9, sim, poss\u00edvel na pr\u00e1tica\u201d, disse.<\/p>\n\n\n\n<figure class=\"wp-block-image size-full\"><img decoding=\"async\" width=\"1280\" height=\"853\" data-src=\"https:\/\/www.comunicarmais.com.br\/site\/wp-content\/uploads\/2025\/09\/WhatsApp-Image-2025-09-25-at-14.46.10.jpeg\" alt=\"\" class=\"wp-image-10309 lazyload\" data-srcset=\"https:\/\/www.comunicarmais.com.br\/site\/wp-content\/uploads\/2025\/09\/WhatsApp-Image-2025-09-25-at-14.46.10.jpeg 1280w, https:\/\/www.comunicarmais.com.br\/site\/wp-content\/uploads\/2025\/09\/WhatsApp-Image-2025-09-25-at-14.46.10-1024x682.jpeg 1024w, https:\/\/www.comunicarmais.com.br\/site\/wp-content\/uploads\/2025\/09\/WhatsApp-Image-2025-09-25-at-14.46.10-768x512.jpeg 768w\" data-sizes=\"(max-width: 1280px) 100vw, 1280px\" src=\"data:image\/svg+xml;base64,PHN2ZyB3aWR0aD0iMSIgaGVpZ2h0PSIxIiB4bWxucz0iaHR0cDovL3d3dy53My5vcmcvMjAwMC9zdmciPjwvc3ZnPg==\" style=\"--smush-placeholder-width: 1280px; --smush-placeholder-aspect-ratio: 1280\/853;\" \/><figcaption class=\"wp-element-caption\"><sup>Secret\u00e1rio da Secis, Ivan Euler<\/sup> <em><sup>(Foto: Bruno Concha \/ Secom PMS)<\/sup><\/em><\/figcaption><\/figure>\n\n\n\n<p><strong>Cronograma &#8211; <\/strong>O cronograma do SustentaFolia prev\u00ea tr\u00eas fases principais: entre setembro e outubro de 2025 ocorrer\u00e1 a mobiliza\u00e7\u00e3o, sele\u00e7\u00e3o dos participantes e in\u00edcio das qualifica\u00e7\u00f5es; entre novembro e dezembro ser\u00e3o realizadas as capacita\u00e7\u00f5es, consultorias e atividades de engajamento; e, por fim, entre janeiro e fevereiro de 2026, ser\u00e3o feitas avalia\u00e7\u00f5es e certifica\u00e7\u00f5es.<\/p>\n\n\n\n<p>Durante o processo, os participantes ter\u00e3o acesso a workshops, palestras, consultorias personalizadas, al\u00e9m de trocas de conhecimento sobre economia circular, servi\u00e7os sustent\u00e1veis e aplica\u00e7\u00e3o dos conceitos ESG na pr\u00e1tica dos neg\u00f3cios. A expectativa \u00e9 que essas a\u00e7\u00f5es preparem os empreendedores locais para se destacarem na contrata\u00e7\u00e3o de servi\u00e7os durante o Carnaval, promovendo n\u00e3o apenas uma festa mais verde, mas tamb\u00e9m mais justa e representativa.<\/p>\n\n\n\n<p>Al\u00e9m dos ganhos ambientais, a iniciativa pretende estimular a economia local, garantindo que mais neg\u00f3cios baianos estejam aptos a atender \u00e0 crescente demanda por servi\u00e7os com responsabilidade socioambiental. \u201cTemos que gerar riqueza aqui, com a nossa gente. A cidade ganha, os trabalhadores ganham, e o meio ambiente tamb\u00e9m\u201d, resumiu Walter Pinto Jr.<\/p>\n\n\n\n<p>________________________________________________________________________________________________________________<\/p>\n\n\n<p class=\"wp-block-tag-cloud\"><a href=\"https:\/\/www.comunicarmais.com.br\/site\/tag\/bahia\/\" class=\"tag-cloud-link tag-link-171 tag-link-position-1\" style=\"font-size: 17.922330097087pt;\" aria-label=\"Bahia (116 itens)\">Bahia<\/a>\n<a href=\"https:\/\/www.comunicarmais.com.br\/site\/tag\/bolsonaro\/\" class=\"tag-cloud-link tag-link-112 tag-link-position-2\" style=\"font-size: 11.533980582524pt;\" aria-label=\"Bolsonaro (39 itens)\">Bolsonaro<\/a>\n<a href=\"https:\/\/www.comunicarmais.com.br\/site\/tag\/brasil\/\" class=\"tag-cloud-link tag-link-335 tag-link-position-3\" style=\"font-size: 12.893203883495pt;\" aria-label=\"Brasil (49 itens)\">Brasil<\/a>\n<a href=\"https:\/\/www.comunicarmais.com.br\/site\/tag\/camacari\/\" class=\"tag-cloud-link tag-link-435 tag-link-position-4\" style=\"font-size: 8.8155339805825pt;\" aria-label=\"Cama\u00e7ari (24 itens)\">Cama\u00e7ari<\/a>\n<a href=\"https:\/\/www.comunicarmais.com.br\/site\/tag\/carnaval\/\" class=\"tag-cloud-link tag-link-508 tag-link-position-5\" style=\"font-size: 12.893203883495pt;\" aria-label=\"Carnaval (49 itens)\">Carnaval<\/a>\n<a href=\"https:\/\/www.comunicarmais.com.br\/site\/tag\/cbx\/\" class=\"tag-cloud-link tag-link-1602 tag-link-position-6\" style=\"font-size: 11.398058252427pt;\" aria-label=\"CBX (38 itens)\">CBX<\/a>\n<a href=\"https:\/\/www.comunicarmais.com.br\/site\/tag\/cidade-baixa\/\" class=\"tag-cloud-link tag-link-456 tag-link-position-7\" style=\"font-size: 9.9029126213592pt;\" aria-label=\"Cidade Baixa (29 itens)\">Cidade Baixa<\/a>\n<a href=\"https:\/\/www.comunicarmais.com.br\/site\/tag\/cinema\/\" class=\"tag-cloud-link tag-link-985 tag-link-position-8\" style=\"font-size: 11.126213592233pt;\" aria-label=\"Cinema (36 itens)\">Cinema<\/a>\n<a href=\"https:\/\/www.comunicarmais.com.br\/site\/tag\/cultura\/\" class=\"tag-cloud-link tag-link-231 tag-link-position-9\" style=\"font-size: 12.21359223301pt;\" aria-label=\"Cultura (44 itens)\">Cultura<\/a>\n<a href=\"https:\/\/www.comunicarmais.com.br\/site\/tag\/drogas\/\" class=\"tag-cloud-link tag-link-165 tag-link-position-10\" style=\"font-size: 12.757281553398pt;\" aria-label=\"Drogas (48 itens)\">Drogas<\/a>\n<a href=\"https:\/\/www.comunicarmais.com.br\/site\/tag\/educacao\/\" class=\"tag-cloud-link tag-link-228 tag-link-position-11\" style=\"font-size: 12.485436893204pt;\" aria-label=\"Educa\u00e7\u00e3o (46 itens)\">Educa\u00e7\u00e3o<\/a>\n<a href=\"https:\/\/www.comunicarmais.com.br\/site\/tag\/ensino\/\" class=\"tag-cloud-link tag-link-233 tag-link-position-12\" style=\"font-size: 10.446601941748pt;\" aria-label=\"Ensino (32 itens)\">Ensino<\/a>\n<a href=\"https:\/\/www.comunicarmais.com.br\/site\/tag\/escola\/\" class=\"tag-cloud-link tag-link-229 tag-link-position-13\" style=\"font-size: 9.495145631068pt;\" aria-label=\"Escola (27 itens)\">Escola<\/a>\n<a href=\"https:\/\/www.comunicarmais.com.br\/site\/tag\/eua\/\" class=\"tag-cloud-link tag-link-664 tag-link-position-14\" style=\"font-size: 11.941747572816pt;\" aria-label=\"EUA (42 itens)\">EUA<\/a>\n<a href=\"https:\/\/www.comunicarmais.com.br\/site\/tag\/feira-de-santana\/\" class=\"tag-cloud-link tag-link-642 tag-link-position-15\" style=\"font-size: 9.2233009708738pt;\" aria-label=\"Feira de Santana (26 itens)\">Feira de Santana<\/a>\n<a href=\"https:\/\/www.comunicarmais.com.br\/site\/tag\/ficco\/\" class=\"tag-cloud-link tag-link-143 tag-link-position-16\" style=\"font-size: 9.2233009708738pt;\" aria-label=\"Ficco (26 itens)\">Ficco<\/a>\n<a href=\"https:\/\/www.comunicarmais.com.br\/site\/tag\/folia\/\" class=\"tag-cloud-link tag-link-566 tag-link-position-17\" style=\"font-size: 9.2233009708738pt;\" aria-label=\"Folia (26 itens)\">Folia<\/a>\n<a href=\"https:\/\/www.comunicarmais.com.br\/site\/tag\/futebol\/\" class=\"tag-cloud-link tag-link-40 tag-link-position-18\" style=\"font-size: 13.029126213592pt;\" aria-label=\"Futebol (50 itens)\">Futebol<\/a>\n<a href=\"https:\/\/www.comunicarmais.com.br\/site\/tag\/homicidio\/\" class=\"tag-cloud-link tag-link-101 tag-link-position-19\" style=\"font-size: 10.582524271845pt;\" aria-label=\"Homic\u00eddio (33 itens)\">Homic\u00eddio<\/a>\n<a href=\"https:\/\/www.comunicarmais.com.br\/site\/tag\/itapagipe\/\" class=\"tag-cloud-link tag-link-471 tag-link-position-20\" style=\"font-size: 10.038834951456pt;\" aria-label=\"Itapagipe (30 itens)\">Itapagipe<\/a>\n<a href=\"https:\/\/www.comunicarmais.com.br\/site\/tag\/itaparica\/\" class=\"tag-cloud-link tag-link-301 tag-link-position-21\" style=\"font-size: 8pt;\" aria-label=\"Itaparica (21 itens)\">Itaparica<\/a>\n<a href=\"https:\/\/www.comunicarmais.com.br\/site\/tag\/jeronimo-rodrigues\/\" class=\"tag-cloud-link tag-link-668 tag-link-position-22\" style=\"font-size: 8.2718446601942pt;\" aria-label=\"Jer\u00f4nimo Rodrigues (22 itens)\">Jer\u00f4nimo Rodrigues<\/a>\n<a href=\"https:\/\/www.comunicarmais.com.br\/site\/tag\/justica\/\" class=\"tag-cloud-link tag-link-361 tag-link-position-23\" style=\"font-size: 10.582524271845pt;\" aria-label=\"Justi\u00e7a (33 itens)\">Justi\u00e7a<\/a>\n<a href=\"https:\/\/www.comunicarmais.com.br\/site\/tag\/lauro-de-freitas\/\" class=\"tag-cloud-link tag-link-594 tag-link-position-24\" style=\"font-size: 18.194174757282pt;\" aria-label=\"Lauro de Freitas (122 itens)\">Lauro de Freitas<\/a>\n<a href=\"https:\/\/www.comunicarmais.com.br\/site\/tag\/lazer\/\" class=\"tag-cloud-link tag-link-568 tag-link-position-25\" style=\"font-size: 9.2233009708738pt;\" aria-label=\"Lazer (26 itens)\">Lazer<\/a>\n<a href=\"https:\/\/www.comunicarmais.com.br\/site\/tag\/lula\/\" class=\"tag-cloud-link tag-link-416 tag-link-position-26\" style=\"font-size: 12.21359223301pt;\" aria-label=\"Lula (44 itens)\">Lula<\/a>\n<a href=\"https:\/\/www.comunicarmais.com.br\/site\/tag\/meio-ambiente\/\" class=\"tag-cloud-link tag-link-475 tag-link-position-27\" style=\"font-size: 12.21359223301pt;\" aria-label=\"Meio Ambiente (44 itens)\">Meio Ambiente<\/a>\n<a href=\"https:\/\/www.comunicarmais.com.br\/site\/tag\/mobilidade\/\" class=\"tag-cloud-link tag-link-278 tag-link-position-28\" style=\"font-size: 13.844660194175pt;\" aria-label=\"Mobilidade (58 itens)\">Mobilidade<\/a>\n<a href=\"https:\/\/www.comunicarmais.com.br\/site\/tag\/mulher\/\" class=\"tag-cloud-link tag-link-450 tag-link-position-29\" style=\"font-size: 13.300970873786pt;\" aria-label=\"mulher (53 itens)\">mulher<\/a>\n<a href=\"https:\/\/www.comunicarmais.com.br\/site\/tag\/musica-2\/\" class=\"tag-cloud-link tag-link-747 tag-link-position-30\" style=\"font-size: 12.21359223301pt;\" aria-label=\"M\u00fasica (44 itens)\">M\u00fasica<\/a>\n<a href=\"https:\/\/www.comunicarmais.com.br\/site\/tag\/pcba\/\" class=\"tag-cloud-link tag-link-1332 tag-link-position-31\" style=\"font-size: 15.067961165049pt;\" aria-label=\"PCBA (72 itens)\">PCBA<\/a>\n<a href=\"https:\/\/www.comunicarmais.com.br\/site\/tag\/pmba\/\" class=\"tag-cloud-link tag-link-53 tag-link-position-32\" style=\"font-size: 18.194174757282pt;\" aria-label=\"PMBA (122 itens)\">PMBA<\/a>\n<a href=\"https:\/\/www.comunicarmais.com.br\/site\/tag\/policia-federal\/\" class=\"tag-cloud-link tag-link-620 tag-link-position-33\" style=\"font-size: 8.9514563106796pt;\" aria-label=\"Pol\u00edcia Federal (25 itens)\">Pol\u00edcia Federal<\/a>\n<a href=\"https:\/\/www.comunicarmais.com.br\/site\/tag\/politica\/\" class=\"tag-cloud-link tag-link-495 tag-link-position-34\" style=\"font-size: 16.291262135922pt;\" aria-label=\"Pol\u00edtica (89 itens)\">Pol\u00edtica<\/a>\n<a href=\"https:\/\/www.comunicarmais.com.br\/site\/tag\/rio-de-janeiro\/\" class=\"tag-cloud-link tag-link-152 tag-link-position-35\" style=\"font-size: 9.9029126213592pt;\" aria-label=\"Rio de Janeiro (29 itens)\">Rio de Janeiro<\/a>\n<a href=\"https:\/\/www.comunicarmais.com.br\/site\/tag\/salvador\/\" class=\"tag-cloud-link tag-link-125 tag-link-position-36\" style=\"font-size: 22pt;\" aria-label=\"Salvador (233 itens)\">Salvador<\/a>\n<a href=\"https:\/\/www.comunicarmais.com.br\/site\/tag\/saude\/\" class=\"tag-cloud-link tag-link-42 tag-link-position-37\" style=\"font-size: 17.78640776699pt;\" aria-label=\"Sa\u00fade (115 itens)\">Sa\u00fade<\/a>\n<a href=\"https:\/\/www.comunicarmais.com.br\/site\/tag\/seguranca\/\" class=\"tag-cloud-link tag-link-48 tag-link-position-38\" style=\"font-size: 9.2233009708738pt;\" aria-label=\"Seguran\u00e7a (26 itens)\">Seguran\u00e7a<\/a>\n<a href=\"https:\/\/www.comunicarmais.com.br\/site\/tag\/ssp-ba\/\" class=\"tag-cloud-link tag-link-1937 tag-link-position-39\" style=\"font-size: 8.9514563106796pt;\" aria-label=\"SSP-BA (25 itens)\">SSP-BA<\/a>\n<a href=\"https:\/\/www.comunicarmais.com.br\/site\/tag\/sspba\/\" class=\"tag-cloud-link tag-link-144 tag-link-position-40\" style=\"font-size: 11.398058252427pt;\" aria-label=\"SSPBA (38 itens)\">SSPBA<\/a>\n<a href=\"https:\/\/www.comunicarmais.com.br\/site\/tag\/stf\/\" class=\"tag-cloud-link tag-link-68 tag-link-position-41\" style=\"font-size: 14.252427184466pt;\" aria-label=\"STF (62 itens)\">STF<\/a>\n<a href=\"https:\/\/www.comunicarmais.com.br\/site\/tag\/sao-paulo\/\" class=\"tag-cloud-link tag-link-612 tag-link-position-42\" style=\"font-size: 8pt;\" aria-label=\"S\u00e3o Paulo (21 itens)\">S\u00e3o Paulo<\/a>\n<a href=\"https:\/\/www.comunicarmais.com.br\/site\/tag\/transito-2\/\" class=\"tag-cloud-link tag-link-377 tag-link-position-43\" style=\"font-size: 8.2718446601942pt;\" aria-label=\"tr\u00e2nsito (22 itens)\">tr\u00e2nsito<\/a>\n<a href=\"https:\/\/www.comunicarmais.com.br\/site\/tag\/turismo\/\" class=\"tag-cloud-link tag-link-225 tag-link-position-44\" style=\"font-size: 9.631067961165pt;\" aria-label=\"Turismo (28 itens)\">Turismo<\/a>\n<a href=\"https:\/\/www.comunicarmais.com.br\/site\/tag\/uruguai\/\" class=\"tag-cloud-link tag-link-323 tag-link-position-45\" style=\"font-size: 9.631067961165pt;\" aria-label=\"Uruguai (28 itens)\">Uruguai<\/a><\/p>","protected":false},"excerpt":{"rendered":"<p>Programa tem como proposta promover pr\u00e1ticas de sustentabilidade, responsabilidade social e inova\u00e7\u00e3o dentro da cadeia produtiva da maior festa de rua do mundo Reda\u00e7\u00e3o Mais &#8211; Com o objetivo de tornar o Carnaval de Salvador cada vez mais sustent\u00e1vel, inclusivo e alinhado com os princ\u00edpios da nova economia verde, a Prefeitura de Salvador, por meio &hellip; <a href=\"https:\/\/www.comunicarmais.com.br\/site\/2025\/09\/25\/salvador-lanca-programa-sustentafolia-para-promover-praticas-esg-no-carnaval\/\">Continua<\/a><\/p>\n","protected":false},"author":2,"featured_media":10308,"comment_status":"open","ping_status":"open","sticky":false,"template":"","format":"standard","meta":{"_acf_changed":false,"footnotes":""},"categories":[5],"tags":[508,1790,566,475,982],"class_list":["post-10305","post","type-post","status-publish","format-standard","has-post-thumbnail","hentry","category-grande-salvador","tag-carnaval","tag-esg","tag-folia","tag-meio-ambiente","tag-sustentabilidade"],"acf":[],"yoast_head":"<!-- This site is optimized with the Yoast SEO plugin v26.1.1 - https:\/\/yoast.com\/wordpress\/plugins\/seo\/ -->\n<title>Salvador lan\u00e7a programa SustentaFolia para promover pr\u00e1ticas ESG no Carnaval - Comunicar Mais<\/title>\n<meta name=\"description\" content=\"Programa tem como proposta promover pr\u00e1ticas de sustentabilidade, responsabilidade social e inova\u00e7\u00e3o dentro da cadeia produtiva da maior festa de rua do mundo\" \/>\n<meta name=\"robots\" content=\"index, follow, max-snippet:-1, max-image-preview:large, max-video-preview:-1\" \/>\n<link rel=\"canonical\" href=\"https:\/\/www.comunicarmais.com.br\/site\/2025\/09\/25\/salvador-lanca-programa-sustentafolia-para-promover-praticas-esg-no-carnaval\/\" \/>\n<meta property=\"og:locale\" content=\"pt_BR\" \/>\n<meta property=\"og:type\" content=\"article\" \/>\n<meta property=\"og:title\" content=\"Salvador lan\u00e7a programa SustentaFolia para promover pr\u00e1ticas ESG no Carnaval - Comunicar Mais\" \/>\n<meta property=\"og:description\" content=\"Programa tem como proposta promover pr\u00e1ticas de sustentabilidade, responsabilidade social e inova\u00e7\u00e3o dentro da cadeia produtiva da maior festa de rua do mundo\" \/>\n<meta property=\"og:url\" content=\"https:\/\/www.comunicarmais.com.br\/site\/2025\/09\/25\/salvador-lanca-programa-sustentafolia-para-promover-praticas-esg-no-carnaval\/\" \/>\n<meta property=\"og:site_name\" content=\"Comunicar Mais\" \/>\n<meta property=\"article:publisher\" content=\"https:\/\/www.facebook.com\/comunicarmais\/\" \/>\n<meta property=\"article:author\" content=\"https:\/\/www.facebook.com\/comunicarmais\/\" \/>\n<meta property=\"article:published_time\" content=\"2025-09-25T18:11:00+00:00\" \/>\n<meta property=\"article:modified_time\" content=\"2025-09-26T13:18:20+00:00\" \/>\n<meta property=\"og:image\" content=\"https:\/\/www.comunicarmais.com.br\/site\/wp-content\/uploads\/2025\/09\/WhatsApp-Image-2025-09-25-at-14.46.14.jpeg\" \/>\n\t<meta property=\"og:image:width\" content=\"1280\" \/>\n\t<meta property=\"og:image:height\" content=\"853\" \/>\n\t<meta property=\"og:image:type\" content=\"image\/jpeg\" \/>\n<meta name=\"author\" content=\"Comunicar Mais\" \/>\n<meta name=\"twitter:card\" content=\"summary_large_image\" \/>\n<meta name=\"twitter:creator\" content=\"@ComunicarmaisBA\" \/>\n<meta name=\"twitter:site\" content=\"@ComunicarmaisBA\" \/>\n<meta name=\"twitter:label1\" content=\"Escrito por\" \/>\n\t<meta name=\"twitter:data1\" content=\"Comunicar Mais\" \/>\n\t<meta name=\"twitter:label2\" content=\"Est. tempo de leitura\" \/>\n\t<meta name=\"twitter:data2\" content=\"6 minutos\" \/>\n<script type=\"application\/ld+json\" class=\"yoast-schema-graph\">{\"@context\":\"https:\/\/schema.org\",\"@graph\":[{\"@type\":\"WebPage\",\"@id\":\"https:\/\/www.comunicarmais.com.br\/site\/2025\/09\/25\/salvador-lanca-programa-sustentafolia-para-promover-praticas-esg-no-carnaval\/\",\"url\":\"https:\/\/www.comunicarmais.com.br\/site\/2025\/09\/25\/salvador-lanca-programa-sustentafolia-para-promover-praticas-esg-no-carnaval\/\",\"name\":\"Salvador lan\u00e7a programa SustentaFolia para promover pr\u00e1ticas ESG no Carnaval - Comunicar Mais\",\"isPartOf\":{\"@id\":\"https:\/\/www.comunicarmais.com.br\/site\/#website\"},\"primaryImageOfPage\":{\"@id\":\"https:\/\/www.comunicarmais.com.br\/site\/2025\/09\/25\/salvador-lanca-programa-sustentafolia-para-promover-praticas-esg-no-carnaval\/#primaryimage\"},\"image\":{\"@id\":\"https:\/\/www.comunicarmais.com.br\/site\/2025\/09\/25\/salvador-lanca-programa-sustentafolia-para-promover-praticas-esg-no-carnaval\/#primaryimage\"},\"thumbnailUrl\":\"https:\/\/www.comunicarmais.com.br\/site\/wp-content\/uploads\/2025\/09\/WhatsApp-Image-2025-09-25-at-14.46.14.jpeg\",\"datePublished\":\"2025-09-25T18:11:00+00:00\",\"dateModified\":\"2025-09-26T13:18:20+00:00\",\"author\":{\"@id\":\"https:\/\/www.comunicarmais.com.br\/site\/#\/schema\/person\/712f7b6b25b644e4a91c4173674cf284\"},\"description\":\"Programa tem como proposta promover pr\u00e1ticas de sustentabilidade, responsabilidade social e inova\u00e7\u00e3o dentro da cadeia produtiva da maior festa de rua do mundo\",\"breadcrumb\":{\"@id\":\"https:\/\/www.comunicarmais.com.br\/site\/2025\/09\/25\/salvador-lanca-programa-sustentafolia-para-promover-praticas-esg-no-carnaval\/#breadcrumb\"},\"inLanguage\":\"pt-BR\",\"potentialAction\":[{\"@type\":\"ReadAction\",\"target\":[\"https:\/\/www.comunicarmais.com.br\/site\/2025\/09\/25\/salvador-lanca-programa-sustentafolia-para-promover-praticas-esg-no-carnaval\/\"]}]},{\"@type\":\"ImageObject\",\"inLanguage\":\"pt-BR\",\"@id\":\"https:\/\/www.comunicarmais.com.br\/site\/2025\/09\/25\/salvador-lanca-programa-sustentafolia-para-promover-praticas-esg-no-carnaval\/#primaryimage\",\"url\":\"https:\/\/www.comunicarmais.com.br\/site\/wp-content\/uploads\/2025\/09\/WhatsApp-Image-2025-09-25-at-14.46.14.jpeg\",\"contentUrl\":\"https:\/\/www.comunicarmais.com.br\/site\/wp-content\/uploads\/2025\/09\/WhatsApp-Image-2025-09-25-at-14.46.14.jpeg\",\"width\":1280,\"height\":853},{\"@type\":\"BreadcrumbList\",\"@id\":\"https:\/\/www.comunicarmais.com.br\/site\/2025\/09\/25\/salvador-lanca-programa-sustentafolia-para-promover-praticas-esg-no-carnaval\/#breadcrumb\",\"itemListElement\":[{\"@type\":\"ListItem\",\"position\":1,\"name\":\"In\u00edcio\",\"item\":\"https:\/\/www.comunicarmais.com.br\/site\/\"},{\"@type\":\"ListItem\",\"position\":2,\"name\":\"Salvador lan\u00e7a programa SustentaFolia para promover pr\u00e1ticas ESG no Carnaval\"}]},{\"@type\":\"WebSite\",\"@id\":\"https:\/\/www.comunicarmais.com.br\/site\/#website\",\"url\":\"https:\/\/www.comunicarmais.com.br\/site\/\",\"name\":\"Comunicar Mais\",\"description\":\"\",\"potentialAction\":[{\"@type\":\"SearchAction\",\"target\":{\"@type\":\"EntryPoint\",\"urlTemplate\":\"https:\/\/www.comunicarmais.com.br\/site\/?s={search_term_string}\"},\"query-input\":{\"@type\":\"PropertyValueSpecification\",\"valueRequired\":true,\"valueName\":\"search_term_string\"}}],\"inLanguage\":\"pt-BR\"},{\"@type\":\"Person\",\"@id\":\"https:\/\/www.comunicarmais.com.br\/site\/#\/schema\/person\/712f7b6b25b644e4a91c4173674cf284\",\"name\":\"Comunicar Mais\",\"image\":{\"@type\":\"ImageObject\",\"inLanguage\":\"pt-BR\",\"@id\":\"https:\/\/www.comunicarmais.com.br\/site\/#\/schema\/person\/image\/\",\"url\":\"https:\/\/secure.gravatar.com\/avatar\/9803218072e2c0dc265d3d787b54c2c33325e79f79732707fddfbf1efd82c678?s=96&d=mm&r=g\",\"contentUrl\":\"https:\/\/secure.gravatar.com\/avatar\/9803218072e2c0dc265d3d787b54c2c33325e79f79732707fddfbf1efd82c678?s=96&d=mm&r=g\",\"caption\":\"Comunicar Mais\"},\"description\":\"Deixe as ideologias com os ide\u00f3logos. Noticiamos fatos, n\u00e3o brigamos com eles. Aqui, voc\u00ea fica bem informado do que acontece no seu bairro e no mundo. Informar com \u00e9tica e responsabilidade s\u00e3o as bandeiras do Comunicarmais.\",\"sameAs\":[\"https:\/\/www.comunicarmais.com.br\/site\/\",\"https:\/\/www.facebook.com\/comunicarmais\/\",\"https:\/\/www.instagram.com\/comunicarmaisba\/\",\"https:\/\/x.com\/ComunicarmaisBA\"],\"url\":\"https:\/\/www.comunicarmais.com.br\/site\/author\/gerenciador\/\"}]}<\/script>\n<!-- \/ Yoast SEO plugin. -->","yoast_head_json":{"title":"Salvador lan\u00e7a programa SustentaFolia para promover pr\u00e1ticas ESG no Carnaval - Comunicar Mais","description":"Programa tem como proposta promover pr\u00e1ticas de sustentabilidade, responsabilidade social e inova\u00e7\u00e3o dentro da cadeia produtiva da maior festa de rua do mundo","robots":{"index":"index","follow":"follow","max-snippet":"max-snippet:-1","max-image-preview":"max-image-preview:large","max-video-preview":"max-video-preview:-1"},"canonical":"https:\/\/www.comunicarmais.com.br\/site\/2025\/09\/25\/salvador-lanca-programa-sustentafolia-para-promover-praticas-esg-no-carnaval\/","og_locale":"pt_BR","og_type":"article","og_title":"Salvador lan\u00e7a programa SustentaFolia para promover pr\u00e1ticas ESG no Carnaval - Comunicar Mais","og_description":"Programa tem como proposta promover pr\u00e1ticas de sustentabilidade, responsabilidade social e inova\u00e7\u00e3o dentro da cadeia produtiva da maior festa de rua do mundo","og_url":"https:\/\/www.comunicarmais.com.br\/site\/2025\/09\/25\/salvador-lanca-programa-sustentafolia-para-promover-praticas-esg-no-carnaval\/","og_site_name":"Comunicar Mais","article_publisher":"https:\/\/www.facebook.com\/comunicarmais\/","article_author":"https:\/\/www.facebook.com\/comunicarmais\/","article_published_time":"2025-09-25T18:11:00+00:00","article_modified_time":"2025-09-26T13:18:20+00:00","og_image":[{"width":1280,"height":853,"url":"https:\/\/www.comunicarmais.com.br\/site\/wp-content\/uploads\/2025\/09\/WhatsApp-Image-2025-09-25-at-14.46.14.jpeg","type":"image\/jpeg"}],"author":"Comunicar Mais","twitter_card":"summary_large_image","twitter_creator":"@ComunicarmaisBA","twitter_site":"@ComunicarmaisBA","twitter_misc":{"Escrito por":"Comunicar Mais","Est. tempo de leitura":"6 minutos"},"schema":{"@context":"https:\/\/schema.org","@graph":[{"@type":"WebPage","@id":"https:\/\/www.comunicarmais.com.br\/site\/2025\/09\/25\/salvador-lanca-programa-sustentafolia-para-promover-praticas-esg-no-carnaval\/","url":"https:\/\/www.comunicarmais.com.br\/site\/2025\/09\/25\/salvador-lanca-programa-sustentafolia-para-promover-praticas-esg-no-carnaval\/","name":"Salvador lan\u00e7a programa SustentaFolia para promover pr\u00e1ticas ESG no Carnaval - Comunicar Mais","isPartOf":{"@id":"https:\/\/www.comunicarmais.com.br\/site\/#website"},"primaryImageOfPage":{"@id":"https:\/\/www.comunicarmais.com.br\/site\/2025\/09\/25\/salvador-lanca-programa-sustentafolia-para-promover-praticas-esg-no-carnaval\/#primaryimage"},"image":{"@id":"https:\/\/www.comunicarmais.com.br\/site\/2025\/09\/25\/salvador-lanca-programa-sustentafolia-para-promover-praticas-esg-no-carnaval\/#primaryimage"},"thumbnailUrl":"https:\/\/www.comunicarmais.com.br\/site\/wp-content\/uploads\/2025\/09\/WhatsApp-Image-2025-09-25-at-14.46.14.jpeg","datePublished":"2025-09-25T18:11:00+00:00","dateModified":"2025-09-26T13:18:20+00:00","author":{"@id":"https:\/\/www.comunicarmais.com.br\/site\/#\/schema\/person\/712f7b6b25b644e4a91c4173674cf284"},"description":"Programa tem como proposta promover pr\u00e1ticas de sustentabilidade, responsabilidade social e inova\u00e7\u00e3o dentro da cadeia produtiva da maior festa de rua do mundo","breadcrumb":{"@id":"https:\/\/www.comunicarmais.com.br\/site\/2025\/09\/25\/salvador-lanca-programa-sustentafolia-para-promover-praticas-esg-no-carnaval\/#breadcrumb"},"inLanguage":"pt-BR","potentialAction":[{"@type":"ReadAction","target":["https:\/\/www.comunicarmais.com.br\/site\/2025\/09\/25\/salvador-lanca-programa-sustentafolia-para-promover-praticas-esg-no-carnaval\/"]}]},{"@type":"ImageObject","inLanguage":"pt-BR","@id":"https:\/\/www.comunicarmais.com.br\/site\/2025\/09\/25\/salvador-lanca-programa-sustentafolia-para-promover-praticas-esg-no-carnaval\/#primaryimage","url":"https:\/\/www.comunicarmais.com.br\/site\/wp-content\/uploads\/2025\/09\/WhatsApp-Image-2025-09-25-at-14.46.14.jpeg","contentUrl":"https:\/\/www.comunicarmais.com.br\/site\/wp-content\/uploads\/2025\/09\/WhatsApp-Image-2025-09-25-at-14.46.14.jpeg","width":1280,"height":853},{"@type":"BreadcrumbList","@id":"https:\/\/www.comunicarmais.com.br\/site\/2025\/09\/25\/salvador-lanca-programa-sustentafolia-para-promover-praticas-esg-no-carnaval\/#breadcrumb","itemListElement":[{"@type":"ListItem","position":1,"name":"In\u00edcio","item":"https:\/\/www.comunicarmais.com.br\/site\/"},{"@type":"ListItem","position":2,"name":"Salvador lan\u00e7a programa SustentaFolia para promover pr\u00e1ticas ESG no Carnaval"}]},{"@type":"WebSite","@id":"https:\/\/www.comunicarmais.com.br\/site\/#website","url":"https:\/\/www.comunicarmais.com.br\/site\/","name":"Comunicar Mais","description":"","potentialAction":[{"@type":"SearchAction","target":{"@type":"EntryPoint","urlTemplate":"https:\/\/www.comunicarmais.com.br\/site\/?s={search_term_string}"},"query-input":{"@type":"PropertyValueSpecification","valueRequired":true,"valueName":"search_term_string"}}],"inLanguage":"pt-BR"},{"@type":"Person","@id":"https:\/\/www.comunicarmais.com.br\/site\/#\/schema\/person\/712f7b6b25b644e4a91c4173674cf284","name":"Comunicar Mais","image":{"@type":"ImageObject","inLanguage":"pt-BR","@id":"https:\/\/www.comunicarmais.com.br\/site\/#\/schema\/person\/image\/","url":"https:\/\/secure.gravatar.com\/avatar\/9803218072e2c0dc265d3d787b54c2c33325e79f79732707fddfbf1efd82c678?s=96&d=mm&r=g","contentUrl":"https:\/\/secure.gravatar.com\/avatar\/9803218072e2c0dc265d3d787b54c2c33325e79f79732707fddfbf1efd82c678?s=96&d=mm&r=g","caption":"Comunicar Mais"},"description":"Deixe as ideologias com os ide\u00f3logos. Noticiamos fatos, n\u00e3o brigamos com eles. Aqui, voc\u00ea fica bem informado do que acontece no seu bairro e no mundo. Informar com \u00e9tica e responsabilidade s\u00e3o as bandeiras do Comunicarmais.","sameAs":["https:\/\/www.comunicarmais.com.br\/site\/","https:\/\/www.facebook.com\/comunicarmais\/","https:\/\/www.instagram.com\/comunicarmaisba\/","https:\/\/x.com\/ComunicarmaisBA"],"url":"https:\/\/www.comunicarmais.com.br\/site\/author\/gerenciador\/"}]}},"_links":{"self":[{"href":"https:\/\/www.comunicarmais.com.br\/site\/wp-json\/wp\/v2\/posts\/10305","targetHints":{"allow":["GET"]}}],"collection":[{"href":"https:\/\/www.comunicarmais.com.br\/site\/wp-json\/wp\/v2\/posts"}],"about":[{"href":"https:\/\/www.comunicarmais.com.br\/site\/wp-json\/wp\/v2\/types\/post"}],"author":[{"embeddable":true,"href":"https:\/\/www.comunicarmais.com.br\/site\/wp-json\/wp\/v2\/users\/2"}],"replies":[{"embeddable":true,"href":"https:\/\/www.comunicarmais.com.br\/site\/wp-json\/wp\/v2\/comments?post=10305"}],"version-history":[{"count":1,"href":"https:\/\/www.comunicarmais.com.br\/site\/wp-json\/wp\/v2\/posts\/10305\/revisions"}],"predecessor-version":[{"id":10311,"href":"https:\/\/www.comunicarmais.com.br\/site\/wp-json\/wp\/v2\/posts\/10305\/revisions\/10311"}],"wp:featuredmedia":[{"embeddable":true,"href":"https:\/\/www.comunicarmais.com.br\/site\/wp-json\/wp\/v2\/media\/10308"}],"wp:attachment":[{"href":"https:\/\/www.comunicarmais.com.br\/site\/wp-json\/wp\/v2\/media?parent=10305"}],"wp:term":[{"taxonomy":"category","embeddable":true,"href":"https:\/\/www.comunicarmais.com.br\/site\/wp-json\/wp\/v2\/categories?post=10305"},{"taxonomy":"post_tag","embeddable":true,"href":"https:\/\/www.comunicarmais.com.br\/site\/wp-json\/wp\/v2\/tags?post=10305"}],"curies":[{"name":"wp","href":"https:\/\/api.w.org\/{rel}","templated":true}]}}