{"id":10208,"date":"2025-09-23T07:00:39","date_gmt":"2025-09-23T10:00:39","guid":{"rendered":"https:\/\/www.comunicarmais.com.br\/site\/?p=10208"},"modified":"2025-09-23T07:00:40","modified_gmt":"2025-09-23T10:00:40","slug":"dia-das-criancas-literatura-com-valores-em-formacao","status":"publish","type":"post","link":"https:\/\/www.comunicarmais.com.br\/site\/2025\/09\/23\/dia-das-criancas-literatura-com-valores-em-formacao\/","title":{"rendered":"Dia das Crian\u00e7as: Literatura com valores em forma\u00e7\u00e3o"},"content":{"rendered":"\n<p><strong>S\u00e3o mais de 20 livros, cord\u00e9is, centenas de poemas, contos que o professor Jo\u00e3o Carrilho compartilha nos ambientes onde transita, ao longo dos seus mais de 70 anos<\/strong><\/p>\n\n\n\n<p><strong>Por Liliana Peixinho &#8211;<\/strong> Como pais, av\u00f3s professores e cidad\u00e3os que acompanham os cen\u00e1rios de desafios da educa\u00e7\u00e3o, os escritores, Jo\u00e3o Carrilho e Adelaide Analgesina, fazem mergulhos constantes numa escrita potente onde a informa\u00e7\u00e3o chega ao leitor com afeto, leveza, compromisso e experi\u00eancia transmutada em ludicidade, magia, encanto.<\/p>\n\n\n\n<p>S\u00e3o mais de 20 livros, cord\u00e9is, centenas de poemas, contos que o professor Jo\u00e3o Carrilho compartilha nos ambientes onde transita, ao longo dos seus mais de 70 anos.<\/p>\n\n\n\n<p>O livro tem apresenta\u00e7\u00e3o dos educadores e escritores, Ana Cl\u00e1udia Soares e Jos\u00e9 Gon\u00e7alves, membros da Academia de Letras e Artes de Senhor do Bonfim. Os autores mostram que a protagonista &#8220;Julieta da Silva n\u00e3o \u00e9 uma formiga qualquer. Pequena no tamanho, mas gigante nos sonhos, ela decide embarcar na aventura mais ousada da sua vida: chegar at\u00e9 a Lua&#8221;.<\/p>\n\n\n\n<figure class=\"wp-block-image size-full\"><img decoding=\"async\" width=\"1080\" height=\"1080\" data-src=\"https:\/\/www.comunicarmais.com.br\/site\/wp-content\/uploads\/2025\/09\/WhatsApp-Image-2025-09-22-at-12.12.21.jpeg\" alt=\"\" class=\"wp-image-10210 lazyload\" data-srcset=\"https:\/\/www.comunicarmais.com.br\/site\/wp-content\/uploads\/2025\/09\/WhatsApp-Image-2025-09-22-at-12.12.21.jpeg 1080w, https:\/\/www.comunicarmais.com.br\/site\/wp-content\/uploads\/2025\/09\/WhatsApp-Image-2025-09-22-at-12.12.21-1024x1024.jpeg 1024w, https:\/\/www.comunicarmais.com.br\/site\/wp-content\/uploads\/2025\/09\/WhatsApp-Image-2025-09-22-at-12.12.21-780x780.jpeg 780w, https:\/\/www.comunicarmais.com.br\/site\/wp-content\/uploads\/2025\/09\/WhatsApp-Image-2025-09-22-at-12.12.21-768x768.jpeg 768w\" data-sizes=\"(max-width: 1080px) 100vw, 1080px\" src=\"data:image\/svg+xml;base64,PHN2ZyB3aWR0aD0iMSIgaGVpZ2h0PSIxIiB4bWxucz0iaHR0cDovL3d3dy53My5vcmcvMjAwMC9zdmciPjwvc3ZnPg==\" style=\"--smush-placeholder-width: 1080px; --smush-placeholder-aspect-ratio: 1080\/1080;\" \/><\/figure>\n\n\n\n<p><strong>Hist\u00f3rias e princ\u00edpios &#8211; <\/strong>Um mundo de aventuras e percep\u00e7\u00f5es agu\u00e7am cogni\u00e7\u00f5es em ambientes diversos. &#8220;Entre folhas que viram embarca\u00e7\u00f5es, estrelas que servem de guia e amigos improv\u00e1veis que encontra pelo caminho, Julieta nos mostra que nenhum sonho \u00e9 grande demais quando o cora\u00e7\u00e3o \u00e9 corajoso&#8221;, revelam os escritores.<\/p>\n\n\n\n<p>Ao longo da hist\u00f3ria, surgem princ\u00edpios, como persist\u00eancia, companheirismo, coragem, gratid\u00e3o e outros, que os autores acreditam como essenciais na forma\u00e7\u00e3o do Ser Humano.<\/p>\n\n\n\n<p>O p\u00fablico leitor \u00e9 aberto a pais, educadores, gente que gosta de ler e compartilhar hist\u00f3rias, com valores na forma\u00e7\u00e3o da jornada vida. \u00c9 uma hist\u00f3ria delicada e inspiradora, repleta de imagina\u00e7\u00e3o, amizade e descobertas, que encanta leitores de todas as idades. &#8220;\u00c9 para quem acredita que at\u00e9 as menores asas (ou antenas!) podem alcan\u00e7ar o infinito &#8220;.<\/p>\n\n\n\n<p>Muitos autores n\u00e3o t\u00eam apoio financeiro para publicar livros e o fazem de forma independente, sem eventos de lan\u00e7amentos.<\/p>\n\n\n\n<p><strong>Dia das crian\u00e7as &#8211; <\/strong>O Dia das Crian\u00e7as se aproxima, e o autor diz que &#8220;n\u00e3o h\u00e1 presente mais bonito do que um livro: ele n\u00e3o acaba, n\u00e3o envelhece, e permanece como semente de imagina\u00e7\u00e3o e conhecimento. Presentear com leitura \u00e9 oferecer um mundo inteiro em cada p\u00e1gina&#8221;<\/p>\n\n\n\n<p><strong>O livro pode ser adquirido diretamente com os autores atrav\u00e9s de pedidos no WhatsApp 55 71 9287-9104 ou e-mail: <a href=\"mailto:jjdscarrilho@gmail.com\" target=\"_blank\" rel=\"noreferrer noopener\">jjdscarrilho@gmail.com<\/a> que tamb\u00e9m a chave Pix. Valor: R$ 48,00.<\/strong><\/p>\n\n\n\n<p>________________________________________________________________________________________________________________<\/p>\n\n\n\n<p>*Liliana Peixinho<br>Jornalista, ativista humanit\u00e1ria, memorialista. Escreve sobre literatura como instrumento de educa\u00e7\u00e3o e transforma\u00e7\u00e3o social. Especializa\u00e7\u00e3o em Jornalismo Cient\u00edfico, Cultura e Ambiente. Fundadora de M\u00eddias como Movimento AMA, M\u00eddia Org\u00e2nica, Catadora de Sonhos, Cuidar de quem cuidou, O outro no eu, Reaja, RAMA.<\/p>\n\n\n\n<p>________________________________________________________________________________________________________________<\/p>\n","protected":false},"excerpt":{"rendered":"<p>S\u00e3o mais de 20 livros, cord\u00e9is, centenas de poemas, contos que o professor Jo\u00e3o Carrilho compartilha nos ambientes onde transita, ao longo dos seus mais de 70 anos<\/p>\n","protected":false},"author":2,"featured_media":10210,"comment_status":"open","ping_status":"open","sticky":false,"template":"","format":"standard","meta":{"_acf_changed":false,"footnotes":""},"categories":[11],"tags":[2951,1605,776,2952],"class_list":["post-10208","post","type-post","status-publish","format-standard","has-post-thumbnail","hentry","category-cultura-lazer","tag-dia-das-criancas","tag-leitura","tag-literatura","tag-valores"],"acf":[],"yoast_head":"<!-- This site is optimized with the Yoast SEO plugin v26.1.1 - https:\/\/yoast.com\/wordpress\/plugins\/seo\/ -->\n<title>Dia das Crian\u00e7as: Literatura com valores em forma\u00e7\u00e3o - Comunicar Mais<\/title>\n<meta name=\"description\" content=\"S\u00e3o mais de 20 livros, cord\u00e9is, centenas de poemas, contos que o professor Jo\u00e3o Carrilho compartilha nos ambientes onde transita, ao longo dos seus mais de 70 anos\" \/>\n<meta name=\"robots\" content=\"index, follow, max-snippet:-1, max-image-preview:large, max-video-preview:-1\" \/>\n<link rel=\"canonical\" href=\"https:\/\/www.comunicarmais.com.br\/site\/2025\/09\/23\/dia-das-criancas-literatura-com-valores-em-formacao\/\" \/>\n<meta property=\"og:locale\" content=\"pt_BR\" \/>\n<meta property=\"og:type\" content=\"article\" \/>\n<meta property=\"og:title\" content=\"Dia das Crian\u00e7as: Literatura com valores em forma\u00e7\u00e3o - Comunicar Mais\" \/>\n<meta property=\"og:description\" content=\"S\u00e3o mais de 20 livros, cord\u00e9is, centenas de poemas, contos que o professor Jo\u00e3o Carrilho compartilha nos ambientes onde transita, ao longo dos seus mais de 70 anos\" \/>\n<meta property=\"og:url\" content=\"https:\/\/www.comunicarmais.com.br\/site\/2025\/09\/23\/dia-das-criancas-literatura-com-valores-em-formacao\/\" \/>\n<meta property=\"og:site_name\" content=\"Comunicar Mais\" \/>\n<meta property=\"article:publisher\" content=\"https:\/\/www.facebook.com\/comunicarmais\/\" \/>\n<meta property=\"article:author\" content=\"https:\/\/www.facebook.com\/comunicarmais\/\" \/>\n<meta property=\"article:published_time\" content=\"2025-09-23T10:00:39+00:00\" \/>\n<meta property=\"article:modified_time\" content=\"2025-09-23T10:00:40+00:00\" \/>\n<meta property=\"og:image\" content=\"https:\/\/www.comunicarmais.com.br\/site\/wp-content\/uploads\/2025\/09\/WhatsApp-Image-2025-09-22-at-12.12.21.jpeg\" \/>\n\t<meta property=\"og:image:width\" content=\"1080\" \/>\n\t<meta property=\"og:image:height\" content=\"1080\" \/>\n\t<meta property=\"og:image:type\" content=\"image\/jpeg\" \/>\n<meta name=\"author\" content=\"Comunicar Mais\" \/>\n<meta name=\"twitter:card\" content=\"summary_large_image\" \/>\n<meta name=\"twitter:creator\" content=\"@ComunicarmaisBA\" \/>\n<meta name=\"twitter:site\" content=\"@ComunicarmaisBA\" \/>\n<meta name=\"twitter:label1\" content=\"Escrito por\" \/>\n\t<meta name=\"twitter:data1\" content=\"Comunicar Mais\" \/>\n\t<meta name=\"twitter:label2\" content=\"Est. tempo de leitura\" \/>\n\t<meta name=\"twitter:data2\" content=\"3 minutos\" \/>\n<script type=\"application\/ld+json\" class=\"yoast-schema-graph\">{\"@context\":\"https:\/\/schema.org\",\"@graph\":[{\"@type\":\"WebPage\",\"@id\":\"https:\/\/www.comunicarmais.com.br\/site\/2025\/09\/23\/dia-das-criancas-literatura-com-valores-em-formacao\/\",\"url\":\"https:\/\/www.comunicarmais.com.br\/site\/2025\/09\/23\/dia-das-criancas-literatura-com-valores-em-formacao\/\",\"name\":\"Dia das Crian\u00e7as: Literatura com valores em forma\u00e7\u00e3o - Comunicar Mais\",\"isPartOf\":{\"@id\":\"https:\/\/www.comunicarmais.com.br\/site\/#website\"},\"primaryImageOfPage\":{\"@id\":\"https:\/\/www.comunicarmais.com.br\/site\/2025\/09\/23\/dia-das-criancas-literatura-com-valores-em-formacao\/#primaryimage\"},\"image\":{\"@id\":\"https:\/\/www.comunicarmais.com.br\/site\/2025\/09\/23\/dia-das-criancas-literatura-com-valores-em-formacao\/#primaryimage\"},\"thumbnailUrl\":\"https:\/\/www.comunicarmais.com.br\/site\/wp-content\/uploads\/2025\/09\/WhatsApp-Image-2025-09-22-at-12.12.21.jpeg\",\"datePublished\":\"2025-09-23T10:00:39+00:00\",\"dateModified\":\"2025-09-23T10:00:40+00:00\",\"author\":{\"@id\":\"https:\/\/www.comunicarmais.com.br\/site\/#\/schema\/person\/712f7b6b25b644e4a91c4173674cf284\"},\"description\":\"S\u00e3o mais de 20 livros, cord\u00e9is, centenas de poemas, contos que o professor Jo\u00e3o Carrilho compartilha nos ambientes onde transita, ao longo dos seus mais de 70 anos\",\"breadcrumb\":{\"@id\":\"https:\/\/www.comunicarmais.com.br\/site\/2025\/09\/23\/dia-das-criancas-literatura-com-valores-em-formacao\/#breadcrumb\"},\"inLanguage\":\"pt-BR\",\"potentialAction\":[{\"@type\":\"ReadAction\",\"target\":[\"https:\/\/www.comunicarmais.com.br\/site\/2025\/09\/23\/dia-das-criancas-literatura-com-valores-em-formacao\/\"]}]},{\"@type\":\"ImageObject\",\"inLanguage\":\"pt-BR\",\"@id\":\"https:\/\/www.comunicarmais.com.br\/site\/2025\/09\/23\/dia-das-criancas-literatura-com-valores-em-formacao\/#primaryimage\",\"url\":\"https:\/\/www.comunicarmais.com.br\/site\/wp-content\/uploads\/2025\/09\/WhatsApp-Image-2025-09-22-at-12.12.21.jpeg\",\"contentUrl\":\"https:\/\/www.comunicarmais.com.br\/site\/wp-content\/uploads\/2025\/09\/WhatsApp-Image-2025-09-22-at-12.12.21.jpeg\",\"width\":1080,\"height\":1080},{\"@type\":\"BreadcrumbList\",\"@id\":\"https:\/\/www.comunicarmais.com.br\/site\/2025\/09\/23\/dia-das-criancas-literatura-com-valores-em-formacao\/#breadcrumb\",\"itemListElement\":[{\"@type\":\"ListItem\",\"position\":1,\"name\":\"In\u00edcio\",\"item\":\"https:\/\/www.comunicarmais.com.br\/site\/\"},{\"@type\":\"ListItem\",\"position\":2,\"name\":\"Dia das Crian\u00e7as: Literatura com valores em forma\u00e7\u00e3o\"}]},{\"@type\":\"WebSite\",\"@id\":\"https:\/\/www.comunicarmais.com.br\/site\/#website\",\"url\":\"https:\/\/www.comunicarmais.com.br\/site\/\",\"name\":\"Comunicar Mais\",\"description\":\"\",\"potentialAction\":[{\"@type\":\"SearchAction\",\"target\":{\"@type\":\"EntryPoint\",\"urlTemplate\":\"https:\/\/www.comunicarmais.com.br\/site\/?s={search_term_string}\"},\"query-input\":{\"@type\":\"PropertyValueSpecification\",\"valueRequired\":true,\"valueName\":\"search_term_string\"}}],\"inLanguage\":\"pt-BR\"},{\"@type\":\"Person\",\"@id\":\"https:\/\/www.comunicarmais.com.br\/site\/#\/schema\/person\/712f7b6b25b644e4a91c4173674cf284\",\"name\":\"Comunicar Mais\",\"image\":{\"@type\":\"ImageObject\",\"inLanguage\":\"pt-BR\",\"@id\":\"https:\/\/www.comunicarmais.com.br\/site\/#\/schema\/person\/image\/\",\"url\":\"https:\/\/secure.gravatar.com\/avatar\/9803218072e2c0dc265d3d787b54c2c33325e79f79732707fddfbf1efd82c678?s=96&d=mm&r=g\",\"contentUrl\":\"https:\/\/secure.gravatar.com\/avatar\/9803218072e2c0dc265d3d787b54c2c33325e79f79732707fddfbf1efd82c678?s=96&d=mm&r=g\",\"caption\":\"Comunicar Mais\"},\"description\":\"Deixe as ideologias com os ide\u00f3logos. Noticiamos fatos, n\u00e3o brigamos com eles. Aqui, voc\u00ea fica bem informado do que acontece no seu bairro e no mundo. Informar com \u00e9tica e responsabilidade s\u00e3o as bandeiras do Comunicarmais.\",\"sameAs\":[\"https:\/\/www.comunicarmais.com.br\/site\/\",\"https:\/\/www.facebook.com\/comunicarmais\/\",\"https:\/\/www.instagram.com\/comunicarmaisba\/\",\"https:\/\/x.com\/ComunicarmaisBA\"],\"url\":\"https:\/\/www.comunicarmais.com.br\/site\/author\/gerenciador\/\"}]}<\/script>\n<!-- \/ Yoast SEO plugin. -->","yoast_head_json":{"title":"Dia das Crian\u00e7as: Literatura com valores em forma\u00e7\u00e3o - Comunicar Mais","description":"S\u00e3o mais de 20 livros, cord\u00e9is, centenas de poemas, contos que o professor Jo\u00e3o Carrilho compartilha nos ambientes onde transita, ao longo dos seus mais de 70 anos","robots":{"index":"index","follow":"follow","max-snippet":"max-snippet:-1","max-image-preview":"max-image-preview:large","max-video-preview":"max-video-preview:-1"},"canonical":"https:\/\/www.comunicarmais.com.br\/site\/2025\/09\/23\/dia-das-criancas-literatura-com-valores-em-formacao\/","og_locale":"pt_BR","og_type":"article","og_title":"Dia das Crian\u00e7as: Literatura com valores em forma\u00e7\u00e3o - Comunicar Mais","og_description":"S\u00e3o mais de 20 livros, cord\u00e9is, centenas de poemas, contos que o professor Jo\u00e3o Carrilho compartilha nos ambientes onde transita, ao longo dos seus mais de 70 anos","og_url":"https:\/\/www.comunicarmais.com.br\/site\/2025\/09\/23\/dia-das-criancas-literatura-com-valores-em-formacao\/","og_site_name":"Comunicar Mais","article_publisher":"https:\/\/www.facebook.com\/comunicarmais\/","article_author":"https:\/\/www.facebook.com\/comunicarmais\/","article_published_time":"2025-09-23T10:00:39+00:00","article_modified_time":"2025-09-23T10:00:40+00:00","og_image":[{"width":1080,"height":1080,"url":"https:\/\/www.comunicarmais.com.br\/site\/wp-content\/uploads\/2025\/09\/WhatsApp-Image-2025-09-22-at-12.12.21.jpeg","type":"image\/jpeg"}],"author":"Comunicar Mais","twitter_card":"summary_large_image","twitter_creator":"@ComunicarmaisBA","twitter_site":"@ComunicarmaisBA","twitter_misc":{"Escrito por":"Comunicar Mais","Est. tempo de leitura":"3 minutos"},"schema":{"@context":"https:\/\/schema.org","@graph":[{"@type":"WebPage","@id":"https:\/\/www.comunicarmais.com.br\/site\/2025\/09\/23\/dia-das-criancas-literatura-com-valores-em-formacao\/","url":"https:\/\/www.comunicarmais.com.br\/site\/2025\/09\/23\/dia-das-criancas-literatura-com-valores-em-formacao\/","name":"Dia das Crian\u00e7as: Literatura com valores em forma\u00e7\u00e3o - Comunicar Mais","isPartOf":{"@id":"https:\/\/www.comunicarmais.com.br\/site\/#website"},"primaryImageOfPage":{"@id":"https:\/\/www.comunicarmais.com.br\/site\/2025\/09\/23\/dia-das-criancas-literatura-com-valores-em-formacao\/#primaryimage"},"image":{"@id":"https:\/\/www.comunicarmais.com.br\/site\/2025\/09\/23\/dia-das-criancas-literatura-com-valores-em-formacao\/#primaryimage"},"thumbnailUrl":"https:\/\/www.comunicarmais.com.br\/site\/wp-content\/uploads\/2025\/09\/WhatsApp-Image-2025-09-22-at-12.12.21.jpeg","datePublished":"2025-09-23T10:00:39+00:00","dateModified":"2025-09-23T10:00:40+00:00","author":{"@id":"https:\/\/www.comunicarmais.com.br\/site\/#\/schema\/person\/712f7b6b25b644e4a91c4173674cf284"},"description":"S\u00e3o mais de 20 livros, cord\u00e9is, centenas de poemas, contos que o professor Jo\u00e3o Carrilho compartilha nos ambientes onde transita, ao longo dos seus mais de 70 anos","breadcrumb":{"@id":"https:\/\/www.comunicarmais.com.br\/site\/2025\/09\/23\/dia-das-criancas-literatura-com-valores-em-formacao\/#breadcrumb"},"inLanguage":"pt-BR","potentialAction":[{"@type":"ReadAction","target":["https:\/\/www.comunicarmais.com.br\/site\/2025\/09\/23\/dia-das-criancas-literatura-com-valores-em-formacao\/"]}]},{"@type":"ImageObject","inLanguage":"pt-BR","@id":"https:\/\/www.comunicarmais.com.br\/site\/2025\/09\/23\/dia-das-criancas-literatura-com-valores-em-formacao\/#primaryimage","url":"https:\/\/www.comunicarmais.com.br\/site\/wp-content\/uploads\/2025\/09\/WhatsApp-Image-2025-09-22-at-12.12.21.jpeg","contentUrl":"https:\/\/www.comunicarmais.com.br\/site\/wp-content\/uploads\/2025\/09\/WhatsApp-Image-2025-09-22-at-12.12.21.jpeg","width":1080,"height":1080},{"@type":"BreadcrumbList","@id":"https:\/\/www.comunicarmais.com.br\/site\/2025\/09\/23\/dia-das-criancas-literatura-com-valores-em-formacao\/#breadcrumb","itemListElement":[{"@type":"ListItem","position":1,"name":"In\u00edcio","item":"https:\/\/www.comunicarmais.com.br\/site\/"},{"@type":"ListItem","position":2,"name":"Dia das Crian\u00e7as: Literatura com valores em forma\u00e7\u00e3o"}]},{"@type":"WebSite","@id":"https:\/\/www.comunicarmais.com.br\/site\/#website","url":"https:\/\/www.comunicarmais.com.br\/site\/","name":"Comunicar Mais","description":"","potentialAction":[{"@type":"SearchAction","target":{"@type":"EntryPoint","urlTemplate":"https:\/\/www.comunicarmais.com.br\/site\/?s={search_term_string}"},"query-input":{"@type":"PropertyValueSpecification","valueRequired":true,"valueName":"search_term_string"}}],"inLanguage":"pt-BR"},{"@type":"Person","@id":"https:\/\/www.comunicarmais.com.br\/site\/#\/schema\/person\/712f7b6b25b644e4a91c4173674cf284","name":"Comunicar Mais","image":{"@type":"ImageObject","inLanguage":"pt-BR","@id":"https:\/\/www.comunicarmais.com.br\/site\/#\/schema\/person\/image\/","url":"https:\/\/secure.gravatar.com\/avatar\/9803218072e2c0dc265d3d787b54c2c33325e79f79732707fddfbf1efd82c678?s=96&d=mm&r=g","contentUrl":"https:\/\/secure.gravatar.com\/avatar\/9803218072e2c0dc265d3d787b54c2c33325e79f79732707fddfbf1efd82c678?s=96&d=mm&r=g","caption":"Comunicar Mais"},"description":"Deixe as ideologias com os ide\u00f3logos. Noticiamos fatos, n\u00e3o brigamos com eles. Aqui, voc\u00ea fica bem informado do que acontece no seu bairro e no mundo. Informar com \u00e9tica e responsabilidade s\u00e3o as bandeiras do Comunicarmais.","sameAs":["https:\/\/www.comunicarmais.com.br\/site\/","https:\/\/www.facebook.com\/comunicarmais\/","https:\/\/www.instagram.com\/comunicarmaisba\/","https:\/\/x.com\/ComunicarmaisBA"],"url":"https:\/\/www.comunicarmais.com.br\/site\/author\/gerenciador\/"}]}},"_links":{"self":[{"href":"https:\/\/www.comunicarmais.com.br\/site\/wp-json\/wp\/v2\/posts\/10208","targetHints":{"allow":["GET"]}}],"collection":[{"href":"https:\/\/www.comunicarmais.com.br\/site\/wp-json\/wp\/v2\/posts"}],"about":[{"href":"https:\/\/www.comunicarmais.com.br\/site\/wp-json\/wp\/v2\/types\/post"}],"author":[{"embeddable":true,"href":"https:\/\/www.comunicarmais.com.br\/site\/wp-json\/wp\/v2\/users\/2"}],"replies":[{"embeddable":true,"href":"https:\/\/www.comunicarmais.com.br\/site\/wp-json\/wp\/v2\/comments?post=10208"}],"version-history":[{"count":1,"href":"https:\/\/www.comunicarmais.com.br\/site\/wp-json\/wp\/v2\/posts\/10208\/revisions"}],"predecessor-version":[{"id":10211,"href":"https:\/\/www.comunicarmais.com.br\/site\/wp-json\/wp\/v2\/posts\/10208\/revisions\/10211"}],"wp:featuredmedia":[{"embeddable":true,"href":"https:\/\/www.comunicarmais.com.br\/site\/wp-json\/wp\/v2\/media\/10210"}],"wp:attachment":[{"href":"https:\/\/www.comunicarmais.com.br\/site\/wp-json\/wp\/v2\/media?parent=10208"}],"wp:term":[{"taxonomy":"category","embeddable":true,"href":"https:\/\/www.comunicarmais.com.br\/site\/wp-json\/wp\/v2\/categories?post=10208"},{"taxonomy":"post_tag","embeddable":true,"href":"https:\/\/www.comunicarmais.com.br\/site\/wp-json\/wp\/v2\/tags?post=10208"}],"curies":[{"name":"wp","href":"https:\/\/api.w.org\/{rel}","templated":true}]}}