{"id":10163,"date":"2025-09-18T12:45:00","date_gmt":"2025-09-18T15:45:00","guid":{"rendered":"https:\/\/www.comunicarmais.com.br\/site\/?p=10163"},"modified":"2025-09-20T15:13:18","modified_gmt":"2025-09-20T18:13:18","slug":"festival-virada-salvador-tera-mais-de-60-atracoes-100-horas-de-musica-e-ivete-sangalo-na-contagem-regressiva","status":"publish","type":"post","link":"https:\/\/www.comunicarmais.com.br\/site\/2025\/09\/18\/festival-virada-salvador-tera-mais-de-60-atracoes-100-horas-de-musica-e-ivete-sangalo-na-contagem-regressiva\/","title":{"rendered":"Festival Virada Salvador ter\u00e1 mais de 60 atra\u00e7\u00f5es, 100 horas de m\u00fasica e Ivete Sangalo na contagem regressiva"},"content":{"rendered":"\n<p><strong>Grade de atra\u00e7\u00f5es do palco principal foi apresentada pelo prefeito Bruno Reis em evento para a imprensa realizado no Hotel da Bahia by Wish<\/strong><\/p>\n\n\n\n<figure class=\"wp-block-image size-full\"><img decoding=\"async\" width=\"1280\" height=\"958\" data-src=\"https:\/\/www.comunicarmais.com.br\/site\/wp-content\/uploads\/2025\/09\/WhatsApp-Image-2025-09-18-at-12.33.47-1.jpeg\" alt=\"\" class=\"wp-image-10165 lazyload\" data-srcset=\"https:\/\/www.comunicarmais.com.br\/site\/wp-content\/uploads\/2025\/09\/WhatsApp-Image-2025-09-18-at-12.33.47-1.jpeg 1280w, https:\/\/www.comunicarmais.com.br\/site\/wp-content\/uploads\/2025\/09\/WhatsApp-Image-2025-09-18-at-12.33.47-1-1024x766.jpeg 1024w, https:\/\/www.comunicarmais.com.br\/site\/wp-content\/uploads\/2025\/09\/WhatsApp-Image-2025-09-18-at-12.33.47-1-768x575.jpeg 768w\" data-sizes=\"(max-width: 1280px) 100vw, 1280px\" src=\"data:image\/svg+xml;base64,PHN2ZyB3aWR0aD0iMSIgaGVpZ2h0PSIxIiB4bWxucz0iaHR0cDovL3d3dy53My5vcmcvMjAwMC9zdmciPjwvc3ZnPg==\" style=\"--smush-placeholder-width: 1280px; --smush-placeholder-aspect-ratio: 1280\/958;\" \/><figcaption class=\"wp-element-caption\"><em><sup>(Foto: Valter Pontes \/ Secom PMS)<\/sup><\/em><\/figcaption><\/figure>\n\n\n\n<p><strong>Reda\u00e7\u00e3o Mais &#8211;<\/strong> A Prefeitura de Salvador divulgou nesta quinta-feira (18) a programa\u00e7\u00e3o do Festival Virada Salvador 2026, que vai ocorrer entre os dias 27 e 31 de dezembro deste ano. O evento, que j\u00e1 se consolidou como a maior festa de R\u00e9veillon do Brasil, ter\u00e1 mais de 60 atra\u00e7\u00f5es durante os cinco dias de shows, somando mais de 100 horas de m\u00fasica na Arena O Canto da Cidade, localizada na orla da Boca do Rio.<\/p>\n\n\n\n<p>A grade de atra\u00e7\u00f5es do palco principal foi apresentada pelo prefeito Bruno Reis em evento para a imprensa realizado no Hotel da Bahia by Wish, acompanhado pela vice-prefeita e secret\u00e1ria municipal de Cultura e Turismo (Secult), Ana Paula Matos, e o presidente da Empresa Salvador Turismo (Saltur), Isaac Edington, entre outras autoridades.<\/p>\n\n\n\n<p>Durante o an\u00fancio, o prefeito Bruno Reis explicou que o objetivo da gest\u00e3o municipal, ao divulgar a programa\u00e7\u00e3o com anteced\u00eancia, \u00e9 ajudar na atra\u00e7\u00e3o de turistas para a capital baiana, al\u00e9m de garantir que os soteropolitanos n\u00e3o viajem para fora e passem o final de ano na cidade. \u201cEssa \u00e9 uma demanda do trade tur\u00edstico, esse segmento t\u00e3o importante para a nossa economia. Sempre h\u00e1 o desejo de que a gente possa antecipar o quanto antes o an\u00fancio. Tanto, que hoje estou fazendo o an\u00fancio do Virada, semana que vem faremos do Natal e, na outra semana, do Novembro Salvador Capital Afro\u201d, disse.<\/p>\n\n\n\n<figure class=\"wp-block-image size-full\"><img decoding=\"async\" width=\"1280\" height=\"918\" data-src=\"https:\/\/www.comunicarmais.com.br\/site\/wp-content\/uploads\/2025\/09\/WhatsApp-Image-2025-09-18-at-12.33.53.jpeg\" alt=\"\" class=\"wp-image-10166 lazyload\" data-srcset=\"https:\/\/www.comunicarmais.com.br\/site\/wp-content\/uploads\/2025\/09\/WhatsApp-Image-2025-09-18-at-12.33.53.jpeg 1280w, https:\/\/www.comunicarmais.com.br\/site\/wp-content\/uploads\/2025\/09\/WhatsApp-Image-2025-09-18-at-12.33.53-1024x734.jpeg 1024w, https:\/\/www.comunicarmais.com.br\/site\/wp-content\/uploads\/2025\/09\/WhatsApp-Image-2025-09-18-at-12.33.53-768x551.jpeg 768w\" data-sizes=\"(max-width: 1280px) 100vw, 1280px\" src=\"data:image\/svg+xml;base64,PHN2ZyB3aWR0aD0iMSIgaGVpZ2h0PSIxIiB4bWxucz0iaHR0cDovL3d3dy53My5vcmcvMjAwMC9zdmciPjwvc3ZnPg==\" style=\"--smush-placeholder-width: 1280px; --smush-placeholder-aspect-ratio: 1280\/918;\" \/><figcaption class=\"wp-element-caption\"><em><sup>(Foto: Valter Pontes \/ Secom PMS)<\/sup><\/em><\/figcaption><\/figure>\n\n\n\n<p>A cantora Ivete Sangalo ser\u00e1 a atra\u00e7\u00e3o do momento da virada de ano e respons\u00e1vel por fazer a contagem regressiva que antecede o grande espet\u00e1culo pirot\u00e9cnico, retomando uma tradi\u00e7\u00e3o do festival: \u201cEntre todas as op\u00e7\u00f5es e convites que ela recebeu de todo o Brasil, Ivete, como uma artista baiana, preferiu ficar em Salvador. E n\u00f3s preferimos ela para abrir a chegada do Ano Novo\u201d, comentou o prefeito. No ano passado, o momento foi comandado pela primeira vez por L\u00e9o Santana.<\/p>\n\n\n\n<p>Al\u00e9m de Ivete, participam do Festival Virada Salvador 2026 outros grandes artistas locais do ax\u00e9, pagode e arrocha, como L\u00e9o Santana, Bell Marques, Pablo, Claudia Leitte, Parangol\u00e9, Psirico e Xanddy Harmonia. A edi\u00e7\u00e3o deste ano tamb\u00e9m ser\u00e1 marcada pela presen\u00e7a de Edson Gomes no festival. \u00cdcone do reggae brasileiro, o cantor e compositor baiano tem sua import\u00e2ncia cada vez mais reconhecida em n\u00edvel nacional.<\/p>\n\n\n\n<figure class=\"wp-block-image size-full\"><img decoding=\"async\" width=\"1280\" height=\"854\" data-src=\"https:\/\/www.comunicarmais.com.br\/site\/wp-content\/uploads\/2025\/09\/WhatsApp-Image-2025-09-18-at-12.33.50.jpeg\" alt=\"\" class=\"wp-image-10170 lazyload\" data-srcset=\"https:\/\/www.comunicarmais.com.br\/site\/wp-content\/uploads\/2025\/09\/WhatsApp-Image-2025-09-18-at-12.33.50.jpeg 1280w, https:\/\/www.comunicarmais.com.br\/site\/wp-content\/uploads\/2025\/09\/WhatsApp-Image-2025-09-18-at-12.33.50-1024x683.jpeg 1024w, https:\/\/www.comunicarmais.com.br\/site\/wp-content\/uploads\/2025\/09\/WhatsApp-Image-2025-09-18-at-12.33.50-768x512.jpeg 768w\" data-sizes=\"(max-width: 1280px) 100vw, 1280px\" src=\"data:image\/svg+xml;base64,PHN2ZyB3aWR0aD0iMSIgaGVpZ2h0PSIxIiB4bWxucz0iaHR0cDovL3d3dy53My5vcmcvMjAwMC9zdmciPjwvc3ZnPg==\" style=\"--smush-placeholder-width: 1280px; --smush-placeholder-aspect-ratio: 1280\/854;\" \/><figcaption class=\"wp-element-caption\"><em><sup>(Foto: Valter Pontes \/ Secom PMS)<\/sup><\/em><\/figcaption><\/figure>\n\n\n\n<p>Tamb\u00e9m se apresentam no Virada Salvador grandes atra\u00e7\u00f5es nacionais, como Jorge &amp; Mateus, Matheus &amp; Kauan, Nattan, Natanzinho Lima, Xand Avi\u00e3o, Wesley Safad\u00e3o, Mari Fernandez e Belo, entre outros. \u201cFizemos um esfor\u00e7o grande diante da disponibilidade dos artistas, j\u00e1 que este \u00e9 um per\u00edodo extremamente concorrido de agenda. E hoje, todas as cidades est\u00e3o copiando Salvador. \u00c9 impressionante: o case que n\u00f3s desenvolvemos aqui est\u00e1 sendo replicado em diversas cidades do Brasil\u201d, explicou Bruno Reis.<\/p>\n\n\n\n<p><strong>Festival &#8211; <\/strong>Esta ser\u00e1 a 11\u00aa edi\u00e7\u00e3o do Festival Virada Salvador, que j\u00e1 se consolidou como um dos principais eventos do calend\u00e1rio nacional de festas de fim de ano, reunindo artistas consagrados de diferentes estilos. Al\u00e9m da grade musical, o p\u00fablico ainda pode aproveitar \u00e1reas de lazer, espa\u00e7os gastron\u00f4micos e redes de servi\u00e7os dentro da arena.<\/p>\n\n\n\n<p>O evento ainda movimenta a economia da cidade, fortalecendo os setores de turismo e servi\u00e7os. A expectativa \u00e9 de uma movimenta\u00e7\u00e3o econ\u00f4mica superior a R$400 milh\u00f5es durante o per\u00edodo, com mais de 500 mil turistas na cidade e 100% de ocupa\u00e7\u00e3o hoteleira.<\/p>\n\n\n\n<figure class=\"wp-block-image size-full\"><img decoding=\"async\" width=\"1280\" height=\"854\" data-src=\"https:\/\/www.comunicarmais.com.br\/site\/wp-content\/uploads\/2025\/09\/WhatsApp-Image-2025-09-18-at-12.33.49-1.jpeg\" alt=\"\" class=\"wp-image-10168 lazyload\" data-srcset=\"https:\/\/www.comunicarmais.com.br\/site\/wp-content\/uploads\/2025\/09\/WhatsApp-Image-2025-09-18-at-12.33.49-1.jpeg 1280w, https:\/\/www.comunicarmais.com.br\/site\/wp-content\/uploads\/2025\/09\/WhatsApp-Image-2025-09-18-at-12.33.49-1-1024x683.jpeg 1024w, https:\/\/www.comunicarmais.com.br\/site\/wp-content\/uploads\/2025\/09\/WhatsApp-Image-2025-09-18-at-12.33.49-1-768x512.jpeg 768w\" data-sizes=\"(max-width: 1280px) 100vw, 1280px\" src=\"data:image\/svg+xml;base64,PHN2ZyB3aWR0aD0iMSIgaGVpZ2h0PSIxIiB4bWxucz0iaHR0cDovL3d3dy53My5vcmcvMjAwMC9zdmciPjwvc3ZnPg==\" style=\"--smush-placeholder-width: 1280px; --smush-placeholder-aspect-ratio: 1280\/854;\" \/><figcaption class=\"wp-element-caption\"><em><sup>(Foto: Valter Pontes \/ Secom PMS)<\/sup><\/em><\/figcaption><\/figure>\n\n\n\n<p>A festa come\u00e7a no dia 27 de dezembro, com L\u00e9o Santana, Xand Avi\u00e3o, Wesley Safad\u00e3o, Parangol\u00e9 e L\u00e9o Foguete. No dia seguinte, sobem ao palco Claudia Leitte, Pablo, Simone Mendes, Edson Gomes e Tony Salles. No dia 29 de dezembro, se apresentam na arena Durval Lelys, Matheus &amp; Kauan, Nattan, Natanzinho Lima e Psirico.<\/p>\n\n\n\n<p>O festival continua com Alok, Bell Marques, Belo, Felipe Amorim e Olodum no dia 30 de dezembro. Para encerrar o festival e dar as boas-vindas a 2026, o dia 31 de dezembro ser\u00e1 o \u00fanico com seis atra\u00e7\u00f5es no palco principal: Ivete Sangalo, Jorge &amp; Mateus, Manu Bahtid\u00e3o, Mari Fernandez, Timbalada e Xanddy Harmonia.<\/p>\n\n\n\n<figure class=\"wp-block-image size-full\"><img decoding=\"async\" width=\"1280\" height=\"854\" data-src=\"https:\/\/www.comunicarmais.com.br\/site\/wp-content\/uploads\/2025\/09\/WhatsApp-Image-2025-09-18-at-12.33.43.jpeg\" alt=\"\" class=\"wp-image-10169 lazyload\" data-srcset=\"https:\/\/www.comunicarmais.com.br\/site\/wp-content\/uploads\/2025\/09\/WhatsApp-Image-2025-09-18-at-12.33.43.jpeg 1280w, https:\/\/www.comunicarmais.com.br\/site\/wp-content\/uploads\/2025\/09\/WhatsApp-Image-2025-09-18-at-12.33.43-1024x683.jpeg 1024w, https:\/\/www.comunicarmais.com.br\/site\/wp-content\/uploads\/2025\/09\/WhatsApp-Image-2025-09-18-at-12.33.43-768x512.jpeg 768w\" data-sizes=\"(max-width: 1280px) 100vw, 1280px\" src=\"data:image\/svg+xml;base64,PHN2ZyB3aWR0aD0iMSIgaGVpZ2h0PSIxIiB4bWxucz0iaHR0cDovL3d3dy53My5vcmcvMjAwMC9zdmciPjwvc3ZnPg==\" style=\"--smush-placeholder-width: 1280px; --smush-placeholder-aspect-ratio: 1280\/854;\" \/><figcaption class=\"wp-element-caption\"><em><sup>(Foto: Valter Pontes \/ Secom PMS)<\/sup><\/em><\/figcaption><\/figure>\n\n\n\n<p><strong>Economia &#8211;<\/strong> O presidente da Saltur, Isaac Edington, destacou como o per\u00edodo \u00e9 importante para a movimenta\u00e7\u00e3o da economia soteropolitana. Maior festival gratuito de m\u00fasica do pa\u00eds, o Virada Salvador \u00e9 o segundo maior evento da capital baiana, perdendo apenas para o Carnaval em termos de movimenta\u00e7\u00e3o econ\u00f4mica.<\/p>\n\n\n\n<p>\u201cTemos muito orgulho desse produto, que hoje j\u00e1 se posiciona como o maior festival de m\u00fasica em espa\u00e7o p\u00fablico do Brasil. O Virada Salvador possui a organiza\u00e7\u00e3o de um grande festival privado. Temos um aparato de seguran\u00e7a e de servi\u00e7os p\u00fablicos funcionando 24 horas durante cinco dias de festa. N\u00e3o h\u00e1 nenhum evento no Brasil com essa infraestrutura\u201d, afirmou Edington.<\/p>\n\n\n\n<p>Segundo o presidente da Saltur, o evento contribui para a cidade figurar sempre entre os destinos mais procurados para o final de ano. \u201cO Festival Virada foi um produto constru\u00eddo com esse prop\u00f3sito, para a gente poder se destacar ainda mais em um per\u00edodo importante para a cidade. Ent\u00e3o, acho que a gente est\u00e1 colhendo os frutos desse trabalho. \u00c9 uma grade de atra\u00e7\u00f5es bastante diversificada, com o conceito de reunir o melhor da Bahia que vai para o Brasil e o melhor do Brasil no gosto dos baianos\u201d, explicou Isaac.<\/p>\n\n\n\n<p>A vice-prefeita e titular da Secult, Ana Paula Matos, refor\u00e7ou que o an\u00fancio das atra\u00e7\u00f5es desta edi\u00e7\u00e3o do festival \u00e9 feito ainda em setembro de maneira estrat\u00e9gica, para atra\u00e7\u00e3o de mais turistas para a capital baiana durante o evento. \u201cConversamos com o trade e, por isso, a gente antecipou o an\u00fancio, para fazer um trabalho com as operadoras e as outras cidades, e trazer de fato turistas para Salvador, tanto regionais quanto nacionais, e at\u00e9 internacionais\u201d, afirmou.<\/p>\n\n\n\n<p><strong><em>Confira a grade de atra\u00e7\u00f5es do palco principal:<\/em><\/strong><\/p>\n\n\n\n<p><strong>27 de dezembro<\/strong><\/p>\n\n\n\n<p>L\u00e9o Foguete<br>L\u00e9o Santana<br>Parangol\u00e9<br>Xand Avi\u00e3o<br>Wesley Safad\u00e3o<\/p>\n\n\n\n<p><strong>28 de dezembro<\/strong><\/p>\n\n\n\n<p>Edson Gomes<br>Claudia Leitte<br>Pablo<br>Simone Mendes<br>Tony Salles<\/p>\n\n\n\n<p><strong>29 de dezembro<\/strong><\/p>\n\n\n\n<p>Durval Lelys<br>Matheus e Kauan<br>Nattan<br>Natanzinho Lima<br>Psirico<\/p>\n\n\n\n<p><strong>30 de dezembro<\/strong><\/p>\n\n\n\n<p>Alok<br>Bell Marques<br>Belo<br>Felipe Amorim<br>Olodum<\/p>\n\n\n\n<p><strong>31 de dezembro<\/strong><\/p>\n\n\n\n<p>Ivete Sangalo<br>Jorge e Mateus<br>Manu Bahtid\u00e3o<br>Mari Fernandez<br>Timbalada<br>Xanddy Harmonia<\/p>\n\n\n\n<p>________________________________________________________________________________________________________________<\/p>\n\n\n<p class=\"wp-block-tag-cloud\"><a href=\"https:\/\/www.comunicarmais.com.br\/site\/tag\/bahia\/\" class=\"tag-cloud-link tag-link-171 tag-link-position-1\" style=\"font-size: 17.922330097087pt;\" aria-label=\"Bahia (116 itens)\">Bahia<\/a>\n<a href=\"https:\/\/www.comunicarmais.com.br\/site\/tag\/bolsonaro\/\" class=\"tag-cloud-link tag-link-112 tag-link-position-2\" style=\"font-size: 11.533980582524pt;\" aria-label=\"Bolsonaro (39 itens)\">Bolsonaro<\/a>\n<a href=\"https:\/\/www.comunicarmais.com.br\/site\/tag\/brasil\/\" class=\"tag-cloud-link tag-link-335 tag-link-position-3\" style=\"font-size: 13.029126213592pt;\" aria-label=\"Brasil (50 itens)\">Brasil<\/a>\n<a href=\"https:\/\/www.comunicarmais.com.br\/site\/tag\/camacari\/\" class=\"tag-cloud-link tag-link-435 tag-link-position-4\" style=\"font-size: 8.8155339805825pt;\" aria-label=\"Cama\u00e7ari (24 itens)\">Cama\u00e7ari<\/a>\n<a href=\"https:\/\/www.comunicarmais.com.br\/site\/tag\/carnaval\/\" class=\"tag-cloud-link tag-link-508 tag-link-position-5\" style=\"font-size: 12.893203883495pt;\" aria-label=\"Carnaval (49 itens)\">Carnaval<\/a>\n<a href=\"https:\/\/www.comunicarmais.com.br\/site\/tag\/cbx\/\" class=\"tag-cloud-link tag-link-1602 tag-link-position-6\" style=\"font-size: 11.398058252427pt;\" aria-label=\"CBX (38 itens)\">CBX<\/a>\n<a href=\"https:\/\/www.comunicarmais.com.br\/site\/tag\/cidade-baixa\/\" class=\"tag-cloud-link tag-link-456 tag-link-position-7\" style=\"font-size: 9.9029126213592pt;\" aria-label=\"Cidade Baixa (29 itens)\">Cidade Baixa<\/a>\n<a href=\"https:\/\/www.comunicarmais.com.br\/site\/tag\/cinema\/\" class=\"tag-cloud-link tag-link-985 tag-link-position-8\" style=\"font-size: 11.126213592233pt;\" aria-label=\"Cinema (36 itens)\">Cinema<\/a>\n<a href=\"https:\/\/www.comunicarmais.com.br\/site\/tag\/cultura\/\" class=\"tag-cloud-link tag-link-231 tag-link-position-9\" style=\"font-size: 12.21359223301pt;\" aria-label=\"Cultura (44 itens)\">Cultura<\/a>\n<a href=\"https:\/\/www.comunicarmais.com.br\/site\/tag\/drogas\/\" class=\"tag-cloud-link tag-link-165 tag-link-position-10\" style=\"font-size: 12.757281553398pt;\" aria-label=\"Drogas (48 itens)\">Drogas<\/a>\n<a href=\"https:\/\/www.comunicarmais.com.br\/site\/tag\/educacao\/\" class=\"tag-cloud-link tag-link-228 tag-link-position-11\" style=\"font-size: 12.621359223301pt;\" aria-label=\"Educa\u00e7\u00e3o (47 itens)\">Educa\u00e7\u00e3o<\/a>\n<a href=\"https:\/\/www.comunicarmais.com.br\/site\/tag\/ensino\/\" class=\"tag-cloud-link tag-link-233 tag-link-position-12\" style=\"font-size: 10.446601941748pt;\" aria-label=\"Ensino (32 itens)\">Ensino<\/a>\n<a href=\"https:\/\/www.comunicarmais.com.br\/site\/tag\/escola\/\" class=\"tag-cloud-link tag-link-229 tag-link-position-13\" style=\"font-size: 9.631067961165pt;\" aria-label=\"Escola (28 itens)\">Escola<\/a>\n<a href=\"https:\/\/www.comunicarmais.com.br\/site\/tag\/eua\/\" class=\"tag-cloud-link tag-link-664 tag-link-position-14\" style=\"font-size: 12.077669902913pt;\" aria-label=\"EUA (43 itens)\">EUA<\/a>\n<a href=\"https:\/\/www.comunicarmais.com.br\/site\/tag\/feira-de-santana\/\" class=\"tag-cloud-link tag-link-642 tag-link-position-15\" style=\"font-size: 9.2233009708738pt;\" aria-label=\"Feira de Santana (26 itens)\">Feira de Santana<\/a>\n<a href=\"https:\/\/www.comunicarmais.com.br\/site\/tag\/ficco\/\" class=\"tag-cloud-link tag-link-143 tag-link-position-16\" style=\"font-size: 9.2233009708738pt;\" aria-label=\"Ficco (26 itens)\">Ficco<\/a>\n<a href=\"https:\/\/www.comunicarmais.com.br\/site\/tag\/folia\/\" class=\"tag-cloud-link tag-link-566 tag-link-position-17\" style=\"font-size: 9.2233009708738pt;\" aria-label=\"Folia (26 itens)\">Folia<\/a>\n<a href=\"https:\/\/www.comunicarmais.com.br\/site\/tag\/futebol\/\" class=\"tag-cloud-link tag-link-40 tag-link-position-18\" style=\"font-size: 13.029126213592pt;\" aria-label=\"Futebol (50 itens)\">Futebol<\/a>\n<a href=\"https:\/\/www.comunicarmais.com.br\/site\/tag\/homicidio\/\" class=\"tag-cloud-link tag-link-101 tag-link-position-19\" style=\"font-size: 10.582524271845pt;\" aria-label=\"Homic\u00eddio (33 itens)\">Homic\u00eddio<\/a>\n<a href=\"https:\/\/www.comunicarmais.com.br\/site\/tag\/itapagipe\/\" class=\"tag-cloud-link tag-link-471 tag-link-position-20\" style=\"font-size: 10.038834951456pt;\" aria-label=\"Itapagipe (30 itens)\">Itapagipe<\/a>\n<a href=\"https:\/\/www.comunicarmais.com.br\/site\/tag\/itaparica\/\" class=\"tag-cloud-link tag-link-301 tag-link-position-21\" style=\"font-size: 8pt;\" aria-label=\"Itaparica (21 itens)\">Itaparica<\/a>\n<a href=\"https:\/\/www.comunicarmais.com.br\/site\/tag\/jeronimo-rodrigues\/\" class=\"tag-cloud-link tag-link-668 tag-link-position-22\" style=\"font-size: 8.2718446601942pt;\" aria-label=\"Jer\u00f4nimo Rodrigues (22 itens)\">Jer\u00f4nimo Rodrigues<\/a>\n<a href=\"https:\/\/www.comunicarmais.com.br\/site\/tag\/justica\/\" class=\"tag-cloud-link tag-link-361 tag-link-position-23\" style=\"font-size: 10.582524271845pt;\" aria-label=\"Justi\u00e7a (33 itens)\">Justi\u00e7a<\/a>\n<a href=\"https:\/\/www.comunicarmais.com.br\/site\/tag\/lauro-de-freitas\/\" class=\"tag-cloud-link tag-link-594 tag-link-position-24\" style=\"font-size: 18.194174757282pt;\" aria-label=\"Lauro de Freitas (122 itens)\">Lauro de Freitas<\/a>\n<a href=\"https:\/\/www.comunicarmais.com.br\/site\/tag\/lazer\/\" class=\"tag-cloud-link tag-link-568 tag-link-position-25\" style=\"font-size: 9.2233009708738pt;\" aria-label=\"Lazer (26 itens)\">Lazer<\/a>\n<a href=\"https:\/\/www.comunicarmais.com.br\/site\/tag\/lula\/\" class=\"tag-cloud-link tag-link-416 tag-link-position-26\" style=\"font-size: 12.21359223301pt;\" aria-label=\"Lula (44 itens)\">Lula<\/a>\n<a href=\"https:\/\/www.comunicarmais.com.br\/site\/tag\/meio-ambiente\/\" class=\"tag-cloud-link tag-link-475 tag-link-position-27\" style=\"font-size: 12.21359223301pt;\" aria-label=\"Meio Ambiente (44 itens)\">Meio Ambiente<\/a>\n<a href=\"https:\/\/www.comunicarmais.com.br\/site\/tag\/mobilidade\/\" class=\"tag-cloud-link tag-link-278 tag-link-position-28\" style=\"font-size: 13.844660194175pt;\" aria-label=\"Mobilidade (58 itens)\">Mobilidade<\/a>\n<a href=\"https:\/\/www.comunicarmais.com.br\/site\/tag\/mulher\/\" class=\"tag-cloud-link tag-link-450 tag-link-position-29\" style=\"font-size: 13.300970873786pt;\" aria-label=\"mulher (53 itens)\">mulher<\/a>\n<a href=\"https:\/\/www.comunicarmais.com.br\/site\/tag\/musica-2\/\" class=\"tag-cloud-link tag-link-747 tag-link-position-30\" style=\"font-size: 12.21359223301pt;\" aria-label=\"M\u00fasica (44 itens)\">M\u00fasica<\/a>\n<a href=\"https:\/\/www.comunicarmais.com.br\/site\/tag\/pcba\/\" class=\"tag-cloud-link tag-link-1332 tag-link-position-31\" style=\"font-size: 15.067961165049pt;\" aria-label=\"PCBA (72 itens)\">PCBA<\/a>\n<a href=\"https:\/\/www.comunicarmais.com.br\/site\/tag\/pmba\/\" class=\"tag-cloud-link tag-link-53 tag-link-position-32\" style=\"font-size: 18.194174757282pt;\" aria-label=\"PMBA (123 itens)\">PMBA<\/a>\n<a href=\"https:\/\/www.comunicarmais.com.br\/site\/tag\/policia-federal\/\" class=\"tag-cloud-link tag-link-620 tag-link-position-33\" style=\"font-size: 8.9514563106796pt;\" aria-label=\"Pol\u00edcia Federal (25 itens)\">Pol\u00edcia Federal<\/a>\n<a href=\"https:\/\/www.comunicarmais.com.br\/site\/tag\/politica\/\" class=\"tag-cloud-link tag-link-495 tag-link-position-34\" style=\"font-size: 16.291262135922pt;\" aria-label=\"Pol\u00edtica (89 itens)\">Pol\u00edtica<\/a>\n<a href=\"https:\/\/www.comunicarmais.com.br\/site\/tag\/rio-de-janeiro\/\" class=\"tag-cloud-link tag-link-152 tag-link-position-35\" style=\"font-size: 9.9029126213592pt;\" aria-label=\"Rio de Janeiro (29 itens)\">Rio de Janeiro<\/a>\n<a href=\"https:\/\/www.comunicarmais.com.br\/site\/tag\/salvador\/\" class=\"tag-cloud-link tag-link-125 tag-link-position-36\" style=\"font-size: 22pt;\" aria-label=\"Salvador (234 itens)\">Salvador<\/a>\n<a href=\"https:\/\/www.comunicarmais.com.br\/site\/tag\/saude\/\" class=\"tag-cloud-link tag-link-42 tag-link-position-37\" style=\"font-size: 17.78640776699pt;\" aria-label=\"Sa\u00fade (115 itens)\">Sa\u00fade<\/a>\n<a href=\"https:\/\/www.comunicarmais.com.br\/site\/tag\/seguranca\/\" class=\"tag-cloud-link tag-link-48 tag-link-position-38\" style=\"font-size: 9.2233009708738pt;\" aria-label=\"Seguran\u00e7a (26 itens)\">Seguran\u00e7a<\/a>\n<a href=\"https:\/\/www.comunicarmais.com.br\/site\/tag\/ssp-ba\/\" class=\"tag-cloud-link tag-link-1937 tag-link-position-39\" style=\"font-size: 8.9514563106796pt;\" aria-label=\"SSP-BA (25 itens)\">SSP-BA<\/a>\n<a href=\"https:\/\/www.comunicarmais.com.br\/site\/tag\/sspba\/\" class=\"tag-cloud-link tag-link-144 tag-link-position-40\" style=\"font-size: 11.398058252427pt;\" aria-label=\"SSPBA (38 itens)\">SSPBA<\/a>\n<a href=\"https:\/\/www.comunicarmais.com.br\/site\/tag\/stf\/\" class=\"tag-cloud-link tag-link-68 tag-link-position-41\" style=\"font-size: 14.252427184466pt;\" aria-label=\"STF (62 itens)\">STF<\/a>\n<a href=\"https:\/\/www.comunicarmais.com.br\/site\/tag\/sao-paulo\/\" class=\"tag-cloud-link tag-link-612 tag-link-position-42\" style=\"font-size: 8pt;\" aria-label=\"S\u00e3o Paulo (21 itens)\">S\u00e3o Paulo<\/a>\n<a href=\"https:\/\/www.comunicarmais.com.br\/site\/tag\/transito-2\/\" class=\"tag-cloud-link tag-link-377 tag-link-position-43\" style=\"font-size: 8.2718446601942pt;\" aria-label=\"tr\u00e2nsito (22 itens)\">tr\u00e2nsito<\/a>\n<a href=\"https:\/\/www.comunicarmais.com.br\/site\/tag\/turismo\/\" class=\"tag-cloud-link tag-link-225 tag-link-position-44\" style=\"font-size: 9.631067961165pt;\" aria-label=\"Turismo (28 itens)\">Turismo<\/a>\n<a href=\"https:\/\/www.comunicarmais.com.br\/site\/tag\/uruguai\/\" class=\"tag-cloud-link tag-link-323 tag-link-position-45\" style=\"font-size: 9.631067961165pt;\" aria-label=\"Uruguai (28 itens)\">Uruguai<\/a><\/p>","protected":false},"excerpt":{"rendered":"<p>Grade de atra\u00e7\u00f5es do palco principal foi apresentada pelo prefeito Bruno Reis em evento para a imprensa realizado no Hotel da Bahia by Wish<\/p>\n","protected":false},"author":2,"featured_media":10165,"comment_status":"open","ping_status":"open","sticky":false,"template":"","format":"standard","meta":{"_acf_changed":false,"footnotes":""},"categories":[11],"tags":[2948,125,2949],"class_list":["post-10163","post","type-post","status-publish","format-standard","has-post-thumbnail","hentry","category-cultura-lazer","tag-ivete-sangalo","tag-salvador","tag-virada"],"acf":[],"yoast_head":"<!-- This site is optimized with the Yoast SEO plugin v26.1.1 - https:\/\/yoast.com\/wordpress\/plugins\/seo\/ -->\n<title>Festival Virada Salvador ter\u00e1 mais de 60 atra\u00e7\u00f5es, 100 horas de m\u00fasica e Ivete Sangalo na contagem regressiva - Comunicar Mais<\/title>\n<meta name=\"description\" content=\"Grade de atra\u00e7\u00f5es do palco principal foi apresentada pelo prefeito Bruno Reis em evento para a imprensa realizado no Hotel da Bahia by Wish\" \/>\n<meta name=\"robots\" content=\"index, follow, max-snippet:-1, max-image-preview:large, max-video-preview:-1\" \/>\n<link rel=\"canonical\" href=\"https:\/\/www.comunicarmais.com.br\/site\/2025\/09\/18\/festival-virada-salvador-tera-mais-de-60-atracoes-100-horas-de-musica-e-ivete-sangalo-na-contagem-regressiva\/\" \/>\n<meta property=\"og:locale\" content=\"pt_BR\" \/>\n<meta property=\"og:type\" content=\"article\" \/>\n<meta property=\"og:title\" content=\"Festival Virada Salvador ter\u00e1 mais de 60 atra\u00e7\u00f5es, 100 horas de m\u00fasica e Ivete Sangalo na contagem regressiva - Comunicar Mais\" \/>\n<meta property=\"og:description\" content=\"Grade de atra\u00e7\u00f5es do palco principal foi apresentada pelo prefeito Bruno Reis em evento para a imprensa realizado no Hotel da Bahia by Wish\" \/>\n<meta property=\"og:url\" content=\"https:\/\/www.comunicarmais.com.br\/site\/2025\/09\/18\/festival-virada-salvador-tera-mais-de-60-atracoes-100-horas-de-musica-e-ivete-sangalo-na-contagem-regressiva\/\" \/>\n<meta property=\"og:site_name\" content=\"Comunicar Mais\" \/>\n<meta property=\"article:publisher\" content=\"https:\/\/www.facebook.com\/comunicarmais\/\" \/>\n<meta property=\"article:author\" content=\"https:\/\/www.facebook.com\/comunicarmais\/\" \/>\n<meta property=\"article:published_time\" content=\"2025-09-18T15:45:00+00:00\" \/>\n<meta property=\"article:modified_time\" content=\"2025-09-20T18:13:18+00:00\" \/>\n<meta property=\"og:image\" content=\"https:\/\/www.comunicarmais.com.br\/site\/wp-content\/uploads\/2025\/09\/WhatsApp-Image-2025-09-18-at-12.33.47-1.jpeg\" \/>\n\t<meta property=\"og:image:width\" content=\"1280\" \/>\n\t<meta property=\"og:image:height\" content=\"958\" \/>\n\t<meta property=\"og:image:type\" content=\"image\/jpeg\" \/>\n<meta name=\"author\" content=\"Comunicar Mais\" \/>\n<meta name=\"twitter:card\" content=\"summary_large_image\" \/>\n<meta name=\"twitter:creator\" content=\"@ComunicarmaisBA\" \/>\n<meta name=\"twitter:site\" content=\"@ComunicarmaisBA\" \/>\n<meta name=\"twitter:label1\" content=\"Escrito por\" \/>\n\t<meta name=\"twitter:data1\" content=\"Comunicar Mais\" \/>\n\t<meta name=\"twitter:label2\" content=\"Est. tempo de leitura\" \/>\n\t<meta name=\"twitter:data2\" content=\"7 minutos\" \/>\n<script type=\"application\/ld+json\" class=\"yoast-schema-graph\">{\"@context\":\"https:\/\/schema.org\",\"@graph\":[{\"@type\":\"WebPage\",\"@id\":\"https:\/\/www.comunicarmais.com.br\/site\/2025\/09\/18\/festival-virada-salvador-tera-mais-de-60-atracoes-100-horas-de-musica-e-ivete-sangalo-na-contagem-regressiva\/\",\"url\":\"https:\/\/www.comunicarmais.com.br\/site\/2025\/09\/18\/festival-virada-salvador-tera-mais-de-60-atracoes-100-horas-de-musica-e-ivete-sangalo-na-contagem-regressiva\/\",\"name\":\"Festival Virada Salvador ter\u00e1 mais de 60 atra\u00e7\u00f5es, 100 horas de m\u00fasica e Ivete Sangalo na contagem regressiva - Comunicar Mais\",\"isPartOf\":{\"@id\":\"https:\/\/www.comunicarmais.com.br\/site\/#website\"},\"primaryImageOfPage\":{\"@id\":\"https:\/\/www.comunicarmais.com.br\/site\/2025\/09\/18\/festival-virada-salvador-tera-mais-de-60-atracoes-100-horas-de-musica-e-ivete-sangalo-na-contagem-regressiva\/#primaryimage\"},\"image\":{\"@id\":\"https:\/\/www.comunicarmais.com.br\/site\/2025\/09\/18\/festival-virada-salvador-tera-mais-de-60-atracoes-100-horas-de-musica-e-ivete-sangalo-na-contagem-regressiva\/#primaryimage\"},\"thumbnailUrl\":\"https:\/\/www.comunicarmais.com.br\/site\/wp-content\/uploads\/2025\/09\/WhatsApp-Image-2025-09-18-at-12.33.47-1.jpeg\",\"datePublished\":\"2025-09-18T15:45:00+00:00\",\"dateModified\":\"2025-09-20T18:13:18+00:00\",\"author\":{\"@id\":\"https:\/\/www.comunicarmais.com.br\/site\/#\/schema\/person\/712f7b6b25b644e4a91c4173674cf284\"},\"description\":\"Grade de atra\u00e7\u00f5es do palco principal foi apresentada pelo prefeito Bruno Reis em evento para a imprensa realizado no Hotel da Bahia by Wish\",\"breadcrumb\":{\"@id\":\"https:\/\/www.comunicarmais.com.br\/site\/2025\/09\/18\/festival-virada-salvador-tera-mais-de-60-atracoes-100-horas-de-musica-e-ivete-sangalo-na-contagem-regressiva\/#breadcrumb\"},\"inLanguage\":\"pt-BR\",\"potentialAction\":[{\"@type\":\"ReadAction\",\"target\":[\"https:\/\/www.comunicarmais.com.br\/site\/2025\/09\/18\/festival-virada-salvador-tera-mais-de-60-atracoes-100-horas-de-musica-e-ivete-sangalo-na-contagem-regressiva\/\"]}]},{\"@type\":\"ImageObject\",\"inLanguage\":\"pt-BR\",\"@id\":\"https:\/\/www.comunicarmais.com.br\/site\/2025\/09\/18\/festival-virada-salvador-tera-mais-de-60-atracoes-100-horas-de-musica-e-ivete-sangalo-na-contagem-regressiva\/#primaryimage\",\"url\":\"https:\/\/www.comunicarmais.com.br\/site\/wp-content\/uploads\/2025\/09\/WhatsApp-Image-2025-09-18-at-12.33.47-1.jpeg\",\"contentUrl\":\"https:\/\/www.comunicarmais.com.br\/site\/wp-content\/uploads\/2025\/09\/WhatsApp-Image-2025-09-18-at-12.33.47-1.jpeg\",\"width\":1280,\"height\":958},{\"@type\":\"BreadcrumbList\",\"@id\":\"https:\/\/www.comunicarmais.com.br\/site\/2025\/09\/18\/festival-virada-salvador-tera-mais-de-60-atracoes-100-horas-de-musica-e-ivete-sangalo-na-contagem-regressiva\/#breadcrumb\",\"itemListElement\":[{\"@type\":\"ListItem\",\"position\":1,\"name\":\"In\u00edcio\",\"item\":\"https:\/\/www.comunicarmais.com.br\/site\/\"},{\"@type\":\"ListItem\",\"position\":2,\"name\":\"Festival Virada Salvador ter\u00e1 mais de 60 atra\u00e7\u00f5es, 100 horas de m\u00fasica e Ivete Sangalo na contagem regressiva\"}]},{\"@type\":\"WebSite\",\"@id\":\"https:\/\/www.comunicarmais.com.br\/site\/#website\",\"url\":\"https:\/\/www.comunicarmais.com.br\/site\/\",\"name\":\"Comunicar Mais\",\"description\":\"\",\"potentialAction\":[{\"@type\":\"SearchAction\",\"target\":{\"@type\":\"EntryPoint\",\"urlTemplate\":\"https:\/\/www.comunicarmais.com.br\/site\/?s={search_term_string}\"},\"query-input\":{\"@type\":\"PropertyValueSpecification\",\"valueRequired\":true,\"valueName\":\"search_term_string\"}}],\"inLanguage\":\"pt-BR\"},{\"@type\":\"Person\",\"@id\":\"https:\/\/www.comunicarmais.com.br\/site\/#\/schema\/person\/712f7b6b25b644e4a91c4173674cf284\",\"name\":\"Comunicar Mais\",\"image\":{\"@type\":\"ImageObject\",\"inLanguage\":\"pt-BR\",\"@id\":\"https:\/\/www.comunicarmais.com.br\/site\/#\/schema\/person\/image\/\",\"url\":\"https:\/\/secure.gravatar.com\/avatar\/9803218072e2c0dc265d3d787b54c2c33325e79f79732707fddfbf1efd82c678?s=96&d=mm&r=g\",\"contentUrl\":\"https:\/\/secure.gravatar.com\/avatar\/9803218072e2c0dc265d3d787b54c2c33325e79f79732707fddfbf1efd82c678?s=96&d=mm&r=g\",\"caption\":\"Comunicar Mais\"},\"description\":\"Deixe as ideologias com os ide\u00f3logos. Noticiamos fatos, n\u00e3o brigamos com eles. Aqui, voc\u00ea fica bem informado do que acontece no seu bairro e no mundo. Informar com \u00e9tica e responsabilidade s\u00e3o as bandeiras do Comunicarmais.\",\"sameAs\":[\"https:\/\/www.comunicarmais.com.br\/site\/\",\"https:\/\/www.facebook.com\/comunicarmais\/\",\"https:\/\/www.instagram.com\/comunicarmaisba\/\",\"https:\/\/x.com\/ComunicarmaisBA\"],\"url\":\"https:\/\/www.comunicarmais.com.br\/site\/author\/gerenciador\/\"}]}<\/script>\n<!-- \/ Yoast SEO plugin. -->","yoast_head_json":{"title":"Festival Virada Salvador ter\u00e1 mais de 60 atra\u00e7\u00f5es, 100 horas de m\u00fasica e Ivete Sangalo na contagem regressiva - Comunicar Mais","description":"Grade de atra\u00e7\u00f5es do palco principal foi apresentada pelo prefeito Bruno Reis em evento para a imprensa realizado no Hotel da Bahia by Wish","robots":{"index":"index","follow":"follow","max-snippet":"max-snippet:-1","max-image-preview":"max-image-preview:large","max-video-preview":"max-video-preview:-1"},"canonical":"https:\/\/www.comunicarmais.com.br\/site\/2025\/09\/18\/festival-virada-salvador-tera-mais-de-60-atracoes-100-horas-de-musica-e-ivete-sangalo-na-contagem-regressiva\/","og_locale":"pt_BR","og_type":"article","og_title":"Festival Virada Salvador ter\u00e1 mais de 60 atra\u00e7\u00f5es, 100 horas de m\u00fasica e Ivete Sangalo na contagem regressiva - Comunicar Mais","og_description":"Grade de atra\u00e7\u00f5es do palco principal foi apresentada pelo prefeito Bruno Reis em evento para a imprensa realizado no Hotel da Bahia by Wish","og_url":"https:\/\/www.comunicarmais.com.br\/site\/2025\/09\/18\/festival-virada-salvador-tera-mais-de-60-atracoes-100-horas-de-musica-e-ivete-sangalo-na-contagem-regressiva\/","og_site_name":"Comunicar Mais","article_publisher":"https:\/\/www.facebook.com\/comunicarmais\/","article_author":"https:\/\/www.facebook.com\/comunicarmais\/","article_published_time":"2025-09-18T15:45:00+00:00","article_modified_time":"2025-09-20T18:13:18+00:00","og_image":[{"width":1280,"height":958,"url":"https:\/\/www.comunicarmais.com.br\/site\/wp-content\/uploads\/2025\/09\/WhatsApp-Image-2025-09-18-at-12.33.47-1.jpeg","type":"image\/jpeg"}],"author":"Comunicar Mais","twitter_card":"summary_large_image","twitter_creator":"@ComunicarmaisBA","twitter_site":"@ComunicarmaisBA","twitter_misc":{"Escrito por":"Comunicar Mais","Est. tempo de leitura":"7 minutos"},"schema":{"@context":"https:\/\/schema.org","@graph":[{"@type":"WebPage","@id":"https:\/\/www.comunicarmais.com.br\/site\/2025\/09\/18\/festival-virada-salvador-tera-mais-de-60-atracoes-100-horas-de-musica-e-ivete-sangalo-na-contagem-regressiva\/","url":"https:\/\/www.comunicarmais.com.br\/site\/2025\/09\/18\/festival-virada-salvador-tera-mais-de-60-atracoes-100-horas-de-musica-e-ivete-sangalo-na-contagem-regressiva\/","name":"Festival Virada Salvador ter\u00e1 mais de 60 atra\u00e7\u00f5es, 100 horas de m\u00fasica e Ivete Sangalo na contagem regressiva - Comunicar Mais","isPartOf":{"@id":"https:\/\/www.comunicarmais.com.br\/site\/#website"},"primaryImageOfPage":{"@id":"https:\/\/www.comunicarmais.com.br\/site\/2025\/09\/18\/festival-virada-salvador-tera-mais-de-60-atracoes-100-horas-de-musica-e-ivete-sangalo-na-contagem-regressiva\/#primaryimage"},"image":{"@id":"https:\/\/www.comunicarmais.com.br\/site\/2025\/09\/18\/festival-virada-salvador-tera-mais-de-60-atracoes-100-horas-de-musica-e-ivete-sangalo-na-contagem-regressiva\/#primaryimage"},"thumbnailUrl":"https:\/\/www.comunicarmais.com.br\/site\/wp-content\/uploads\/2025\/09\/WhatsApp-Image-2025-09-18-at-12.33.47-1.jpeg","datePublished":"2025-09-18T15:45:00+00:00","dateModified":"2025-09-20T18:13:18+00:00","author":{"@id":"https:\/\/www.comunicarmais.com.br\/site\/#\/schema\/person\/712f7b6b25b644e4a91c4173674cf284"},"description":"Grade de atra\u00e7\u00f5es do palco principal foi apresentada pelo prefeito Bruno Reis em evento para a imprensa realizado no Hotel da Bahia by Wish","breadcrumb":{"@id":"https:\/\/www.comunicarmais.com.br\/site\/2025\/09\/18\/festival-virada-salvador-tera-mais-de-60-atracoes-100-horas-de-musica-e-ivete-sangalo-na-contagem-regressiva\/#breadcrumb"},"inLanguage":"pt-BR","potentialAction":[{"@type":"ReadAction","target":["https:\/\/www.comunicarmais.com.br\/site\/2025\/09\/18\/festival-virada-salvador-tera-mais-de-60-atracoes-100-horas-de-musica-e-ivete-sangalo-na-contagem-regressiva\/"]}]},{"@type":"ImageObject","inLanguage":"pt-BR","@id":"https:\/\/www.comunicarmais.com.br\/site\/2025\/09\/18\/festival-virada-salvador-tera-mais-de-60-atracoes-100-horas-de-musica-e-ivete-sangalo-na-contagem-regressiva\/#primaryimage","url":"https:\/\/www.comunicarmais.com.br\/site\/wp-content\/uploads\/2025\/09\/WhatsApp-Image-2025-09-18-at-12.33.47-1.jpeg","contentUrl":"https:\/\/www.comunicarmais.com.br\/site\/wp-content\/uploads\/2025\/09\/WhatsApp-Image-2025-09-18-at-12.33.47-1.jpeg","width":1280,"height":958},{"@type":"BreadcrumbList","@id":"https:\/\/www.comunicarmais.com.br\/site\/2025\/09\/18\/festival-virada-salvador-tera-mais-de-60-atracoes-100-horas-de-musica-e-ivete-sangalo-na-contagem-regressiva\/#breadcrumb","itemListElement":[{"@type":"ListItem","position":1,"name":"In\u00edcio","item":"https:\/\/www.comunicarmais.com.br\/site\/"},{"@type":"ListItem","position":2,"name":"Festival Virada Salvador ter\u00e1 mais de 60 atra\u00e7\u00f5es, 100 horas de m\u00fasica e Ivete Sangalo na contagem regressiva"}]},{"@type":"WebSite","@id":"https:\/\/www.comunicarmais.com.br\/site\/#website","url":"https:\/\/www.comunicarmais.com.br\/site\/","name":"Comunicar Mais","description":"","potentialAction":[{"@type":"SearchAction","target":{"@type":"EntryPoint","urlTemplate":"https:\/\/www.comunicarmais.com.br\/site\/?s={search_term_string}"},"query-input":{"@type":"PropertyValueSpecification","valueRequired":true,"valueName":"search_term_string"}}],"inLanguage":"pt-BR"},{"@type":"Person","@id":"https:\/\/www.comunicarmais.com.br\/site\/#\/schema\/person\/712f7b6b25b644e4a91c4173674cf284","name":"Comunicar Mais","image":{"@type":"ImageObject","inLanguage":"pt-BR","@id":"https:\/\/www.comunicarmais.com.br\/site\/#\/schema\/person\/image\/","url":"https:\/\/secure.gravatar.com\/avatar\/9803218072e2c0dc265d3d787b54c2c33325e79f79732707fddfbf1efd82c678?s=96&d=mm&r=g","contentUrl":"https:\/\/secure.gravatar.com\/avatar\/9803218072e2c0dc265d3d787b54c2c33325e79f79732707fddfbf1efd82c678?s=96&d=mm&r=g","caption":"Comunicar Mais"},"description":"Deixe as ideologias com os ide\u00f3logos. Noticiamos fatos, n\u00e3o brigamos com eles. Aqui, voc\u00ea fica bem informado do que acontece no seu bairro e no mundo. Informar com \u00e9tica e responsabilidade s\u00e3o as bandeiras do Comunicarmais.","sameAs":["https:\/\/www.comunicarmais.com.br\/site\/","https:\/\/www.facebook.com\/comunicarmais\/","https:\/\/www.instagram.com\/comunicarmaisba\/","https:\/\/x.com\/ComunicarmaisBA"],"url":"https:\/\/www.comunicarmais.com.br\/site\/author\/gerenciador\/"}]}},"_links":{"self":[{"href":"https:\/\/www.comunicarmais.com.br\/site\/wp-json\/wp\/v2\/posts\/10163","targetHints":{"allow":["GET"]}}],"collection":[{"href":"https:\/\/www.comunicarmais.com.br\/site\/wp-json\/wp\/v2\/posts"}],"about":[{"href":"https:\/\/www.comunicarmais.com.br\/site\/wp-json\/wp\/v2\/types\/post"}],"author":[{"embeddable":true,"href":"https:\/\/www.comunicarmais.com.br\/site\/wp-json\/wp\/v2\/users\/2"}],"replies":[{"embeddable":true,"href":"https:\/\/www.comunicarmais.com.br\/site\/wp-json\/wp\/v2\/comments?post=10163"}],"version-history":[{"count":1,"href":"https:\/\/www.comunicarmais.com.br\/site\/wp-json\/wp\/v2\/posts\/10163\/revisions"}],"predecessor-version":[{"id":10171,"href":"https:\/\/www.comunicarmais.com.br\/site\/wp-json\/wp\/v2\/posts\/10163\/revisions\/10171"}],"wp:featuredmedia":[{"embeddable":true,"href":"https:\/\/www.comunicarmais.com.br\/site\/wp-json\/wp\/v2\/media\/10165"}],"wp:attachment":[{"href":"https:\/\/www.comunicarmais.com.br\/site\/wp-json\/wp\/v2\/media?parent=10163"}],"wp:term":[{"taxonomy":"category","embeddable":true,"href":"https:\/\/www.comunicarmais.com.br\/site\/wp-json\/wp\/v2\/categories?post=10163"},{"taxonomy":"post_tag","embeddable":true,"href":"https:\/\/www.comunicarmais.com.br\/site\/wp-json\/wp\/v2\/tags?post=10163"}],"curies":[{"name":"wp","href":"https:\/\/api.w.org\/{rel}","templated":true}]}}