{"id":10146,"date":"2025-09-18T16:51:00","date_gmt":"2025-09-18T19:51:00","guid":{"rendered":"https:\/\/www.comunicarmais.com.br\/site\/?p=10146"},"modified":"2025-09-19T05:27:41","modified_gmt":"2025-09-19T08:27:41","slug":"viver-salvador-e-festival-da-primavera-ocupam-centro-historico-com-mais-de-20-shows-neste-final-de-semana","status":"publish","type":"post","link":"https:\/\/www.comunicarmais.com.br\/site\/2025\/09\/18\/viver-salvador-e-festival-da-primavera-ocupam-centro-historico-com-mais-de-20-shows-neste-final-de-semana\/","title":{"rendered":"Viver Salvador e Festival da Primavera ocupam Centro Hist\u00f3rico com mais de 20 shows neste final de semana"},"content":{"rendered":"\n<p><strong> Shows iniciam sempre \u00e0s 18h, exceto no domingo que a programa\u00e7\u00e3o infantil come\u00e7a \u00e0s 17h<\/strong><\/p>\n\n\n\n<figure class=\"wp-block-image size-full\"><img decoding=\"async\" width=\"1280\" height=\"853\" data-src=\"https:\/\/www.comunicarmais.com.br\/site\/wp-content\/uploads\/2025\/09\/WhatsApp-Image-2025-09-18-at-16.33.47.jpeg\" alt=\"\" class=\"wp-image-10148 lazyload\" data-srcset=\"https:\/\/www.comunicarmais.com.br\/site\/wp-content\/uploads\/2025\/09\/WhatsApp-Image-2025-09-18-at-16.33.47.jpeg 1280w, https:\/\/www.comunicarmais.com.br\/site\/wp-content\/uploads\/2025\/09\/WhatsApp-Image-2025-09-18-at-16.33.47-1024x682.jpeg 1024w, https:\/\/www.comunicarmais.com.br\/site\/wp-content\/uploads\/2025\/09\/WhatsApp-Image-2025-09-18-at-16.33.47-768x512.jpeg 768w\" data-sizes=\"(max-width: 1280px) 100vw, 1280px\" src=\"data:image\/svg+xml;base64,PHN2ZyB3aWR0aD0iMSIgaGVpZ2h0PSIxIiB4bWxucz0iaHR0cDovL3d3dy53My5vcmcvMjAwMC9zdmciPjwvc3ZnPg==\" style=\"--smush-placeholder-width: 1280px; --smush-placeholder-aspect-ratio: 1280\/853;\" \/><figcaption class=\"wp-element-caption\"><em><sup>(Foto: Arquivo Ascom Saltur)<\/sup><\/em><\/figcaption><\/figure>\n\n\n\n<p><strong>Reda\u00e7\u00e3o Mais &#8211;<\/strong> A Pra\u00e7a Municipal, a Rua Chile e a Pra\u00e7a da Cruz Ca\u00edda, no Centro Hist\u00f3rico, ser\u00e3o palco de mais de 20 shows que acontecem desta sexta-feira (19) at\u00e9 domingo (21) como parte da programa\u00e7\u00e3o do Viver Salvador e do Festival da Primavera, iniciativas da Prefeitura realizadas atrav\u00e9s da Secretaria Municipal de Cultura e Turismo (Secult) e da Empresa Salvador Turismo (Saltur).<\/p>\n\n\n\n<p>Marcada pela diversidade musical, a programa\u00e7\u00e3o contempla apresenta\u00e7\u00f5es de DJs, grupos de hip-hop, jazz, MPB, samba e pagod\u00e3o. Al\u00e9m dos espet\u00e1culos musicais, o Centro Hist\u00f3rico tamb\u00e9m receber\u00e1 atra\u00e7\u00f5es infantis e a Feira da S\u00e9, reunindo expositores de artesanato, design, gastronomia, moda e antiqu\u00e1rios. A programa\u00e7\u00e3o completa do Festival da Primavera est\u00e1 dispon\u00edvel no <a href=\"https:\/\/festivaldaprimavera.salvador.ba.gov.br\/\" target=\"_blank\" rel=\"noreferrer noopener\">site<\/a>.<\/p>\n\n\n\n<p>A Feira Criativa Viver Salvador ocupa a Pra\u00e7a Municipal e a Rua Chile, das 16h \u00e0s 22h. J\u00e1 os shows iniciam sempre \u00e0s 18h, exceto no domingo que a programa\u00e7\u00e3o infantil come\u00e7a \u00e0s 17h. Entre as atra\u00e7\u00f5es est\u00e3o o Dj Leo Mello, Rama Montenegro, Dj P\u00f3len, Pradarrum de Gabi Guedes, Illy, Dj Leo Schlang e Maira Lins.<\/p>\n\n\n\n<p>Na Pra\u00e7a da Cruz Ca\u00edda, os artistas sobem ao palco das 18h \u00e0s 21h. Do samba ao pagod\u00e3o, o cart\u00e3o postal ser\u00e1 palco para os artistas Tiri, Za\u00ed, Gabi da Oxe, Marcia Castro, Sambaiana, N\u00eassa, DJ Belle, O Quadro, Afrocidade, Ravi Lobo e Fantasm\u00e3o.<\/p>\n\n\n\n<p>O cantor Tiri abre a programa\u00e7\u00e3o na sexta-feira (19), \u00e0s 18h, na Pra\u00e7a da Cruz Ca\u00edda. Ele conta que preparou um show intimista, reunindo grandes cl\u00e1ssicos da MPB em di\u00e1logo com m\u00fasicas autorais. \u201cSer\u00e1 uma atmosfera especial de encontro entre tradi\u00e7\u00e3o e novidade. A apresenta\u00e7\u00e3o celebra a chegada da primavera, tempo de florescer e de se preparar para a energia vibrante do ver\u00e3o, trazendo j\u00e1 a agita\u00e7\u00e3o e o frescor dessa esta\u00e7\u00e3o\u201d, diz o m\u00fasico.<\/p>\n\n\n\n<p>Para o artista, o Festival da Primavera abre espa\u00e7o e d\u00e1 voz \u00e0 arte e \u00e0 cultura dos artistas da cidade. \u201cN\u00e3o poderia haver cen\u00e1rio mais inspirador do que a Pra\u00e7a da Cruz Ca\u00edda, com uma das vistas mais bonitas de Salvador, para acolher esse espet\u00e1culo\u201d, diz entusiasmado.<\/p>\n\n\n\n<p>Na sequ\u00eancia, na sexta-feira (19), \u00e0s 20h, M\u00e1rcia Castro apresenta o seu projeto Roda de Samba Reggae, que recebe a cantora N\u00eassa e o grupo Sambaiana. A cantora do grupo, Ju Moraes, comenta a alegria de dividir o palco com M\u00e1rcia na apresenta\u00e7\u00e3o: \u201cUma amiga querida que j\u00e1 esteve nas nossas rodas de samba, assim como j\u00e1 estivemos na dela. \u00c9 sempre um prazer dividir o palco com ela, principalmente com esse projeto novo\u201d, disse a cantora.<\/p>\n\n\n\n<p>O presidente da Empresa Salvador Turismo (Saltur), Isaac Edington, considera que tanto o Viver Salvador como o Festival Primavera incentivam a valoriza\u00e7\u00e3o dos talentos locais, fortalecendo a economia criativa e promovendo encontros que unem tradi\u00e7\u00e3o, inova\u00e7\u00e3o e diversidade cultural. &#8220;Nosso objetivo \u00e9 levar cultura e divers\u00e3o a todos os cantos de Salvador. Com shows em diversos locais e ativa\u00e7\u00f5es gratuitas, queremos que cada pessoa sinta a magia do Festival da Primavera. \u00c9 gratificante ver a cidade se movimentando dessa forma&#8221;, destaca.<\/p>\n\n\n\n<p>Animado com a participa\u00e7\u00e3o no show do Afrocidade, que acontece na Pra\u00e7a da Cruz Ca\u00edda, no s\u00e1bado (20), \u00e0s 21h, o rapper baiano Ravi Lobo refor\u00e7a a import\u00e2ncia do \u2018caldeir\u00e3o musical\u2019 contemplado na programa\u00e7\u00e3o do Viver Salvador e do Festival Primavera. \u201cEstou muito feliz de fazer parte disso, poder levar o rap, a voz das periferias para um lugar sagrado como \u00e9 a Cruz Ca\u00edda, cart\u00e3o postal da nossa cidade. Integrar o Festival da Primavera, estar ali, levar meu povo e cantar as minhas m\u00fasicas \u00e9 a realiza\u00e7\u00e3o de sonho\u201d, revela.<\/p>\n\n\n\n<p><strong>Programa\u00e7\u00e3o:<\/strong><\/p>\n\n\n\n<p><em><strong>Feira Criativa \u2013 Viver Salvador<\/strong><\/em><br>Pra\u00e7a Municipal e Rua Chile<br>Sexta a domingo, das 16h \u00e0s 22h.<\/p>\n\n\n\n<p><strong><em>Shows Viver Salvador &#8211; Pra\u00e7a Municipal<\/em><\/strong><\/p>\n\n\n\n<p><strong>Sexta &#8211; 19\/09:<\/strong><\/p>\n\n\n\n<p>18h \u00e0s 20h &#8211; Dj Leo Mello<br>20h \u00e0s 21:30h &#8211; Rama Montenegro<\/p>\n\n\n\n<p><strong>S\u00e1bado &#8211; 20\/09:<\/strong><\/p>\n\n\n\n<p>18h \u00e0s 19h &#8211; Dj P\u00f3len<br>19h \u00e0s 20h &#8211; Jazz com Pradarrum de Gabi Guedes<br>20h \u00e0s 20:30h &#8211; Dj P\u00f3len<br>20:30h \u00e0s 22h &#8211; Illy<\/p>\n\n\n\n<p><strong>Domingo &#8211; 21\/09:<\/strong><\/p>\n\n\n\n<p>17h \u00e0s 18h &#8211; Infantil &#8211; Playgrude<br>18h \u00e0s 19:30h &#8211; Dj Leo Schlang<br>19:30h \u00e0s 21h &#8211; Maira Lins<\/p>\n\n\n\n<p>Festival Primavera &#8211; Pra\u00e7a da Cruz Ca\u00edda<\/p>\n\n\n\n<p><strong>Sexta-feira (19):<\/strong><\/p>\n\n\n\n<p>Tiri e Za\u00ed &#8211; \u00e0s 18h<br>Gabi da Oxe &#8211; \u00e0s 19h<br>Roda de Samba Reggae com M\u00e1rcia Castro, Sambaiana e N\u00eassa &#8211; \u00e0s 20h<\/p>\n\n\n\n<p><strong>S\u00e1bado (20):<\/strong><\/p>\n\n\n\n<p>DJ Belle &#8211; \u00e0s 18h<br>O quadro &#8211; \u00e0s 19h<br>Afrocidade &#8211; \u00e0s 21h<br>Ravi Lobo &#8211; \u00e0s 21h<\/p>\n\n\n\n<p><strong>Domingo (21):<\/strong><\/p>\n\n\n\n<p>Fantasm\u00e3o &#8211; 17h<\/p>\n\n\n\n<p>________________________________________________________________________________________________________________<\/p>\n\n\n<p class=\"wp-block-tag-cloud\"><a href=\"https:\/\/www.comunicarmais.com.br\/site\/tag\/bahia\/\" class=\"tag-cloud-link tag-link-171 tag-link-position-1\" style=\"font-size: 17.922330097087pt;\" aria-label=\"Bahia (116 itens)\">Bahia<\/a>\n<a href=\"https:\/\/www.comunicarmais.com.br\/site\/tag\/bolsonaro\/\" class=\"tag-cloud-link tag-link-112 tag-link-position-2\" style=\"font-size: 11.533980582524pt;\" aria-label=\"Bolsonaro (39 itens)\">Bolsonaro<\/a>\n<a href=\"https:\/\/www.comunicarmais.com.br\/site\/tag\/brasil\/\" class=\"tag-cloud-link tag-link-335 tag-link-position-3\" style=\"font-size: 13.029126213592pt;\" aria-label=\"Brasil (50 itens)\">Brasil<\/a>\n<a href=\"https:\/\/www.comunicarmais.com.br\/site\/tag\/camacari\/\" class=\"tag-cloud-link tag-link-435 tag-link-position-4\" style=\"font-size: 8.8155339805825pt;\" aria-label=\"Cama\u00e7ari (24 itens)\">Cama\u00e7ari<\/a>\n<a href=\"https:\/\/www.comunicarmais.com.br\/site\/tag\/carnaval\/\" class=\"tag-cloud-link tag-link-508 tag-link-position-5\" style=\"font-size: 12.893203883495pt;\" aria-label=\"Carnaval (49 itens)\">Carnaval<\/a>\n<a href=\"https:\/\/www.comunicarmais.com.br\/site\/tag\/cbx\/\" class=\"tag-cloud-link tag-link-1602 tag-link-position-6\" style=\"font-size: 11.398058252427pt;\" aria-label=\"CBX (38 itens)\">CBX<\/a>\n<a href=\"https:\/\/www.comunicarmais.com.br\/site\/tag\/cidade-baixa\/\" class=\"tag-cloud-link tag-link-456 tag-link-position-7\" style=\"font-size: 9.9029126213592pt;\" aria-label=\"Cidade Baixa (29 itens)\">Cidade Baixa<\/a>\n<a href=\"https:\/\/www.comunicarmais.com.br\/site\/tag\/cinema\/\" class=\"tag-cloud-link tag-link-985 tag-link-position-8\" style=\"font-size: 11.126213592233pt;\" aria-label=\"Cinema (36 itens)\">Cinema<\/a>\n<a href=\"https:\/\/www.comunicarmais.com.br\/site\/tag\/cultura\/\" class=\"tag-cloud-link tag-link-231 tag-link-position-9\" style=\"font-size: 12.21359223301pt;\" aria-label=\"Cultura (44 itens)\">Cultura<\/a>\n<a href=\"https:\/\/www.comunicarmais.com.br\/site\/tag\/drogas\/\" class=\"tag-cloud-link tag-link-165 tag-link-position-10\" style=\"font-size: 12.757281553398pt;\" aria-label=\"Drogas (48 itens)\">Drogas<\/a>\n<a href=\"https:\/\/www.comunicarmais.com.br\/site\/tag\/educacao\/\" class=\"tag-cloud-link tag-link-228 tag-link-position-11\" style=\"font-size: 12.621359223301pt;\" aria-label=\"Educa\u00e7\u00e3o (47 itens)\">Educa\u00e7\u00e3o<\/a>\n<a href=\"https:\/\/www.comunicarmais.com.br\/site\/tag\/ensino\/\" class=\"tag-cloud-link tag-link-233 tag-link-position-12\" style=\"font-size: 10.446601941748pt;\" aria-label=\"Ensino (32 itens)\">Ensino<\/a>\n<a href=\"https:\/\/www.comunicarmais.com.br\/site\/tag\/escola\/\" class=\"tag-cloud-link tag-link-229 tag-link-position-13\" style=\"font-size: 9.631067961165pt;\" aria-label=\"Escola (28 itens)\">Escola<\/a>\n<a href=\"https:\/\/www.comunicarmais.com.br\/site\/tag\/eua\/\" class=\"tag-cloud-link tag-link-664 tag-link-position-14\" style=\"font-size: 12.077669902913pt;\" aria-label=\"EUA (43 itens)\">EUA<\/a>\n<a href=\"https:\/\/www.comunicarmais.com.br\/site\/tag\/feira-de-santana\/\" class=\"tag-cloud-link tag-link-642 tag-link-position-15\" style=\"font-size: 9.2233009708738pt;\" aria-label=\"Feira de Santana (26 itens)\">Feira de Santana<\/a>\n<a href=\"https:\/\/www.comunicarmais.com.br\/site\/tag\/ficco\/\" class=\"tag-cloud-link tag-link-143 tag-link-position-16\" style=\"font-size: 9.2233009708738pt;\" aria-label=\"Ficco (26 itens)\">Ficco<\/a>\n<a href=\"https:\/\/www.comunicarmais.com.br\/site\/tag\/folia\/\" class=\"tag-cloud-link tag-link-566 tag-link-position-17\" style=\"font-size: 9.2233009708738pt;\" aria-label=\"Folia (26 itens)\">Folia<\/a>\n<a href=\"https:\/\/www.comunicarmais.com.br\/site\/tag\/futebol\/\" class=\"tag-cloud-link tag-link-40 tag-link-position-18\" style=\"font-size: 13.029126213592pt;\" aria-label=\"Futebol (50 itens)\">Futebol<\/a>\n<a href=\"https:\/\/www.comunicarmais.com.br\/site\/tag\/homicidio\/\" class=\"tag-cloud-link tag-link-101 tag-link-position-19\" style=\"font-size: 10.582524271845pt;\" aria-label=\"Homic\u00eddio (33 itens)\">Homic\u00eddio<\/a>\n<a href=\"https:\/\/www.comunicarmais.com.br\/site\/tag\/itapagipe\/\" class=\"tag-cloud-link tag-link-471 tag-link-position-20\" style=\"font-size: 10.038834951456pt;\" aria-label=\"Itapagipe (30 itens)\">Itapagipe<\/a>\n<a href=\"https:\/\/www.comunicarmais.com.br\/site\/tag\/itaparica\/\" class=\"tag-cloud-link tag-link-301 tag-link-position-21\" style=\"font-size: 8pt;\" aria-label=\"Itaparica (21 itens)\">Itaparica<\/a>\n<a href=\"https:\/\/www.comunicarmais.com.br\/site\/tag\/jeronimo-rodrigues\/\" class=\"tag-cloud-link tag-link-668 tag-link-position-22\" style=\"font-size: 8.2718446601942pt;\" aria-label=\"Jer\u00f4nimo Rodrigues (22 itens)\">Jer\u00f4nimo Rodrigues<\/a>\n<a href=\"https:\/\/www.comunicarmais.com.br\/site\/tag\/justica\/\" class=\"tag-cloud-link tag-link-361 tag-link-position-23\" style=\"font-size: 10.582524271845pt;\" aria-label=\"Justi\u00e7a (33 itens)\">Justi\u00e7a<\/a>\n<a href=\"https:\/\/www.comunicarmais.com.br\/site\/tag\/lauro-de-freitas\/\" class=\"tag-cloud-link tag-link-594 tag-link-position-24\" style=\"font-size: 18.194174757282pt;\" aria-label=\"Lauro de Freitas (122 itens)\">Lauro de Freitas<\/a>\n<a href=\"https:\/\/www.comunicarmais.com.br\/site\/tag\/lazer\/\" class=\"tag-cloud-link tag-link-568 tag-link-position-25\" style=\"font-size: 9.2233009708738pt;\" aria-label=\"Lazer (26 itens)\">Lazer<\/a>\n<a href=\"https:\/\/www.comunicarmais.com.br\/site\/tag\/lula\/\" class=\"tag-cloud-link tag-link-416 tag-link-position-26\" style=\"font-size: 12.21359223301pt;\" aria-label=\"Lula (44 itens)\">Lula<\/a>\n<a href=\"https:\/\/www.comunicarmais.com.br\/site\/tag\/meio-ambiente\/\" class=\"tag-cloud-link tag-link-475 tag-link-position-27\" style=\"font-size: 12.21359223301pt;\" aria-label=\"Meio Ambiente (44 itens)\">Meio Ambiente<\/a>\n<a href=\"https:\/\/www.comunicarmais.com.br\/site\/tag\/mobilidade\/\" class=\"tag-cloud-link tag-link-278 tag-link-position-28\" style=\"font-size: 13.844660194175pt;\" aria-label=\"Mobilidade (58 itens)\">Mobilidade<\/a>\n<a href=\"https:\/\/www.comunicarmais.com.br\/site\/tag\/mulher\/\" class=\"tag-cloud-link tag-link-450 tag-link-position-29\" style=\"font-size: 13.300970873786pt;\" aria-label=\"mulher (53 itens)\">mulher<\/a>\n<a href=\"https:\/\/www.comunicarmais.com.br\/site\/tag\/musica-2\/\" class=\"tag-cloud-link tag-link-747 tag-link-position-30\" style=\"font-size: 12.21359223301pt;\" aria-label=\"M\u00fasica (44 itens)\">M\u00fasica<\/a>\n<a href=\"https:\/\/www.comunicarmais.com.br\/site\/tag\/pcba\/\" class=\"tag-cloud-link tag-link-1332 tag-link-position-31\" style=\"font-size: 15.067961165049pt;\" aria-label=\"PCBA (72 itens)\">PCBA<\/a>\n<a href=\"https:\/\/www.comunicarmais.com.br\/site\/tag\/pmba\/\" class=\"tag-cloud-link tag-link-53 tag-link-position-32\" style=\"font-size: 18.194174757282pt;\" aria-label=\"PMBA (123 itens)\">PMBA<\/a>\n<a href=\"https:\/\/www.comunicarmais.com.br\/site\/tag\/policia-federal\/\" class=\"tag-cloud-link tag-link-620 tag-link-position-33\" style=\"font-size: 8.9514563106796pt;\" aria-label=\"Pol\u00edcia Federal (25 itens)\">Pol\u00edcia Federal<\/a>\n<a href=\"https:\/\/www.comunicarmais.com.br\/site\/tag\/politica\/\" class=\"tag-cloud-link tag-link-495 tag-link-position-34\" style=\"font-size: 16.291262135922pt;\" aria-label=\"Pol\u00edtica (89 itens)\">Pol\u00edtica<\/a>\n<a href=\"https:\/\/www.comunicarmais.com.br\/site\/tag\/rio-de-janeiro\/\" class=\"tag-cloud-link tag-link-152 tag-link-position-35\" style=\"font-size: 9.9029126213592pt;\" aria-label=\"Rio de Janeiro (29 itens)\">Rio de Janeiro<\/a>\n<a href=\"https:\/\/www.comunicarmais.com.br\/site\/tag\/salvador\/\" class=\"tag-cloud-link tag-link-125 tag-link-position-36\" style=\"font-size: 22pt;\" aria-label=\"Salvador (234 itens)\">Salvador<\/a>\n<a href=\"https:\/\/www.comunicarmais.com.br\/site\/tag\/saude\/\" class=\"tag-cloud-link tag-link-42 tag-link-position-37\" style=\"font-size: 17.78640776699pt;\" aria-label=\"Sa\u00fade (115 itens)\">Sa\u00fade<\/a>\n<a href=\"https:\/\/www.comunicarmais.com.br\/site\/tag\/seguranca\/\" class=\"tag-cloud-link tag-link-48 tag-link-position-38\" style=\"font-size: 9.2233009708738pt;\" aria-label=\"Seguran\u00e7a (26 itens)\">Seguran\u00e7a<\/a>\n<a href=\"https:\/\/www.comunicarmais.com.br\/site\/tag\/ssp-ba\/\" class=\"tag-cloud-link tag-link-1937 tag-link-position-39\" style=\"font-size: 8.9514563106796pt;\" aria-label=\"SSP-BA (25 itens)\">SSP-BA<\/a>\n<a href=\"https:\/\/www.comunicarmais.com.br\/site\/tag\/sspba\/\" class=\"tag-cloud-link tag-link-144 tag-link-position-40\" style=\"font-size: 11.398058252427pt;\" aria-label=\"SSPBA (38 itens)\">SSPBA<\/a>\n<a href=\"https:\/\/www.comunicarmais.com.br\/site\/tag\/stf\/\" class=\"tag-cloud-link tag-link-68 tag-link-position-41\" style=\"font-size: 14.252427184466pt;\" aria-label=\"STF (62 itens)\">STF<\/a>\n<a href=\"https:\/\/www.comunicarmais.com.br\/site\/tag\/sao-paulo\/\" class=\"tag-cloud-link tag-link-612 tag-link-position-42\" style=\"font-size: 8pt;\" aria-label=\"S\u00e3o Paulo (21 itens)\">S\u00e3o Paulo<\/a>\n<a href=\"https:\/\/www.comunicarmais.com.br\/site\/tag\/transito-2\/\" class=\"tag-cloud-link tag-link-377 tag-link-position-43\" style=\"font-size: 8.2718446601942pt;\" aria-label=\"tr\u00e2nsito (22 itens)\">tr\u00e2nsito<\/a>\n<a href=\"https:\/\/www.comunicarmais.com.br\/site\/tag\/turismo\/\" class=\"tag-cloud-link tag-link-225 tag-link-position-44\" style=\"font-size: 9.631067961165pt;\" aria-label=\"Turismo (28 itens)\">Turismo<\/a>\n<a href=\"https:\/\/www.comunicarmais.com.br\/site\/tag\/uruguai\/\" class=\"tag-cloud-link tag-link-323 tag-link-position-45\" style=\"font-size: 9.631067961165pt;\" aria-label=\"Uruguai (28 itens)\">Uruguai<\/a><\/p>","protected":false},"excerpt":{"rendered":"<p> Shows iniciam sempre \u00e0s 18h, exceto no domingo que a programa\u00e7\u00e3o infantil come\u00e7a \u00e0s 17h<\/p>\n","protected":false},"author":2,"featured_media":10148,"comment_status":"open","ping_status":"open","sticky":false,"template":"","format":"standard","meta":{"_acf_changed":false,"footnotes":""},"categories":[11],"tags":[2943,568,747,2827],"class_list":["post-10146","post","type-post","status-publish","format-standard","has-post-thumbnail","hentry","category-cultura-lazer","tag-fim-de-semana","tag-lazer","tag-musica-2","tag-viver-salvador"],"acf":[],"yoast_head":"<!-- This site is optimized with the Yoast SEO plugin v26.1.1 - https:\/\/yoast.com\/wordpress\/plugins\/seo\/ -->\n<title>Viver Salvador e Festival da Primavera ocupam Centro Hist\u00f3rico com mais de 20 shows neste final de semana - Comunicar Mais<\/title>\n<meta name=\"description\" content=\"Shows iniciam sempre \u00e0s 18h, exceto no domingo que a programa\u00e7\u00e3o infantil come\u00e7a \u00e0s 17h\" \/>\n<meta name=\"robots\" content=\"index, follow, max-snippet:-1, max-image-preview:large, max-video-preview:-1\" \/>\n<link rel=\"canonical\" href=\"https:\/\/www.comunicarmais.com.br\/site\/2025\/09\/18\/viver-salvador-e-festival-da-primavera-ocupam-centro-historico-com-mais-de-20-shows-neste-final-de-semana\/\" \/>\n<meta property=\"og:locale\" content=\"pt_BR\" \/>\n<meta property=\"og:type\" content=\"article\" \/>\n<meta property=\"og:title\" content=\"Viver Salvador e Festival da Primavera ocupam Centro Hist\u00f3rico com mais de 20 shows neste final de semana - Comunicar Mais\" \/>\n<meta property=\"og:description\" content=\"Shows iniciam sempre \u00e0s 18h, exceto no domingo que a programa\u00e7\u00e3o infantil come\u00e7a \u00e0s 17h\" \/>\n<meta property=\"og:url\" content=\"https:\/\/www.comunicarmais.com.br\/site\/2025\/09\/18\/viver-salvador-e-festival-da-primavera-ocupam-centro-historico-com-mais-de-20-shows-neste-final-de-semana\/\" \/>\n<meta property=\"og:site_name\" content=\"Comunicar Mais\" \/>\n<meta property=\"article:publisher\" content=\"https:\/\/www.facebook.com\/comunicarmais\/\" \/>\n<meta property=\"article:author\" content=\"https:\/\/www.facebook.com\/comunicarmais\/\" \/>\n<meta property=\"article:published_time\" content=\"2025-09-18T19:51:00+00:00\" \/>\n<meta property=\"article:modified_time\" content=\"2025-09-19T08:27:41+00:00\" \/>\n<meta property=\"og:image\" content=\"https:\/\/www.comunicarmais.com.br\/site\/wp-content\/uploads\/2025\/09\/WhatsApp-Image-2025-09-18-at-16.33.47.jpeg\" \/>\n\t<meta property=\"og:image:width\" content=\"1280\" \/>\n\t<meta property=\"og:image:height\" content=\"853\" \/>\n\t<meta property=\"og:image:type\" content=\"image\/jpeg\" \/>\n<meta name=\"author\" content=\"Comunicar Mais\" \/>\n<meta name=\"twitter:card\" content=\"summary_large_image\" \/>\n<meta name=\"twitter:creator\" content=\"@ComunicarmaisBA\" \/>\n<meta name=\"twitter:site\" content=\"@ComunicarmaisBA\" \/>\n<meta name=\"twitter:label1\" content=\"Escrito por\" \/>\n\t<meta name=\"twitter:data1\" content=\"Comunicar Mais\" \/>\n\t<meta name=\"twitter:label2\" content=\"Est. tempo de leitura\" \/>\n\t<meta name=\"twitter:data2\" content=\"5 minutos\" \/>\n<script type=\"application\/ld+json\" class=\"yoast-schema-graph\">{\"@context\":\"https:\/\/schema.org\",\"@graph\":[{\"@type\":\"WebPage\",\"@id\":\"https:\/\/www.comunicarmais.com.br\/site\/2025\/09\/18\/viver-salvador-e-festival-da-primavera-ocupam-centro-historico-com-mais-de-20-shows-neste-final-de-semana\/\",\"url\":\"https:\/\/www.comunicarmais.com.br\/site\/2025\/09\/18\/viver-salvador-e-festival-da-primavera-ocupam-centro-historico-com-mais-de-20-shows-neste-final-de-semana\/\",\"name\":\"Viver Salvador e Festival da Primavera ocupam Centro Hist\u00f3rico com mais de 20 shows neste final de semana - Comunicar Mais\",\"isPartOf\":{\"@id\":\"https:\/\/www.comunicarmais.com.br\/site\/#website\"},\"primaryImageOfPage\":{\"@id\":\"https:\/\/www.comunicarmais.com.br\/site\/2025\/09\/18\/viver-salvador-e-festival-da-primavera-ocupam-centro-historico-com-mais-de-20-shows-neste-final-de-semana\/#primaryimage\"},\"image\":{\"@id\":\"https:\/\/www.comunicarmais.com.br\/site\/2025\/09\/18\/viver-salvador-e-festival-da-primavera-ocupam-centro-historico-com-mais-de-20-shows-neste-final-de-semana\/#primaryimage\"},\"thumbnailUrl\":\"https:\/\/www.comunicarmais.com.br\/site\/wp-content\/uploads\/2025\/09\/WhatsApp-Image-2025-09-18-at-16.33.47.jpeg\",\"datePublished\":\"2025-09-18T19:51:00+00:00\",\"dateModified\":\"2025-09-19T08:27:41+00:00\",\"author\":{\"@id\":\"https:\/\/www.comunicarmais.com.br\/site\/#\/schema\/person\/712f7b6b25b644e4a91c4173674cf284\"},\"description\":\"Shows iniciam sempre \u00e0s 18h, exceto no domingo que a programa\u00e7\u00e3o infantil come\u00e7a \u00e0s 17h\",\"breadcrumb\":{\"@id\":\"https:\/\/www.comunicarmais.com.br\/site\/2025\/09\/18\/viver-salvador-e-festival-da-primavera-ocupam-centro-historico-com-mais-de-20-shows-neste-final-de-semana\/#breadcrumb\"},\"inLanguage\":\"pt-BR\",\"potentialAction\":[{\"@type\":\"ReadAction\",\"target\":[\"https:\/\/www.comunicarmais.com.br\/site\/2025\/09\/18\/viver-salvador-e-festival-da-primavera-ocupam-centro-historico-com-mais-de-20-shows-neste-final-de-semana\/\"]}]},{\"@type\":\"ImageObject\",\"inLanguage\":\"pt-BR\",\"@id\":\"https:\/\/www.comunicarmais.com.br\/site\/2025\/09\/18\/viver-salvador-e-festival-da-primavera-ocupam-centro-historico-com-mais-de-20-shows-neste-final-de-semana\/#primaryimage\",\"url\":\"https:\/\/www.comunicarmais.com.br\/site\/wp-content\/uploads\/2025\/09\/WhatsApp-Image-2025-09-18-at-16.33.47.jpeg\",\"contentUrl\":\"https:\/\/www.comunicarmais.com.br\/site\/wp-content\/uploads\/2025\/09\/WhatsApp-Image-2025-09-18-at-16.33.47.jpeg\",\"width\":1280,\"height\":853},{\"@type\":\"BreadcrumbList\",\"@id\":\"https:\/\/www.comunicarmais.com.br\/site\/2025\/09\/18\/viver-salvador-e-festival-da-primavera-ocupam-centro-historico-com-mais-de-20-shows-neste-final-de-semana\/#breadcrumb\",\"itemListElement\":[{\"@type\":\"ListItem\",\"position\":1,\"name\":\"In\u00edcio\",\"item\":\"https:\/\/www.comunicarmais.com.br\/site\/\"},{\"@type\":\"ListItem\",\"position\":2,\"name\":\"Viver Salvador e Festival da Primavera ocupam Centro Hist\u00f3rico com mais de 20 shows neste final de semana\"}]},{\"@type\":\"WebSite\",\"@id\":\"https:\/\/www.comunicarmais.com.br\/site\/#website\",\"url\":\"https:\/\/www.comunicarmais.com.br\/site\/\",\"name\":\"Comunicar Mais\",\"description\":\"\",\"potentialAction\":[{\"@type\":\"SearchAction\",\"target\":{\"@type\":\"EntryPoint\",\"urlTemplate\":\"https:\/\/www.comunicarmais.com.br\/site\/?s={search_term_string}\"},\"query-input\":{\"@type\":\"PropertyValueSpecification\",\"valueRequired\":true,\"valueName\":\"search_term_string\"}}],\"inLanguage\":\"pt-BR\"},{\"@type\":\"Person\",\"@id\":\"https:\/\/www.comunicarmais.com.br\/site\/#\/schema\/person\/712f7b6b25b644e4a91c4173674cf284\",\"name\":\"Comunicar Mais\",\"image\":{\"@type\":\"ImageObject\",\"inLanguage\":\"pt-BR\",\"@id\":\"https:\/\/www.comunicarmais.com.br\/site\/#\/schema\/person\/image\/\",\"url\":\"https:\/\/secure.gravatar.com\/avatar\/9803218072e2c0dc265d3d787b54c2c33325e79f79732707fddfbf1efd82c678?s=96&d=mm&r=g\",\"contentUrl\":\"https:\/\/secure.gravatar.com\/avatar\/9803218072e2c0dc265d3d787b54c2c33325e79f79732707fddfbf1efd82c678?s=96&d=mm&r=g\",\"caption\":\"Comunicar Mais\"},\"description\":\"Deixe as ideologias com os ide\u00f3logos. Noticiamos fatos, n\u00e3o brigamos com eles. Aqui, voc\u00ea fica bem informado do que acontece no seu bairro e no mundo. Informar com \u00e9tica e responsabilidade s\u00e3o as bandeiras do Comunicarmais.\",\"sameAs\":[\"https:\/\/www.comunicarmais.com.br\/site\/\",\"https:\/\/www.facebook.com\/comunicarmais\/\",\"https:\/\/www.instagram.com\/comunicarmaisba\/\",\"https:\/\/x.com\/ComunicarmaisBA\"],\"url\":\"https:\/\/www.comunicarmais.com.br\/site\/author\/gerenciador\/\"}]}<\/script>\n<!-- \/ Yoast SEO plugin. -->","yoast_head_json":{"title":"Viver Salvador e Festival da Primavera ocupam Centro Hist\u00f3rico com mais de 20 shows neste final de semana - Comunicar Mais","description":"Shows iniciam sempre \u00e0s 18h, exceto no domingo que a programa\u00e7\u00e3o infantil come\u00e7a \u00e0s 17h","robots":{"index":"index","follow":"follow","max-snippet":"max-snippet:-1","max-image-preview":"max-image-preview:large","max-video-preview":"max-video-preview:-1"},"canonical":"https:\/\/www.comunicarmais.com.br\/site\/2025\/09\/18\/viver-salvador-e-festival-da-primavera-ocupam-centro-historico-com-mais-de-20-shows-neste-final-de-semana\/","og_locale":"pt_BR","og_type":"article","og_title":"Viver Salvador e Festival da Primavera ocupam Centro Hist\u00f3rico com mais de 20 shows neste final de semana - Comunicar Mais","og_description":"Shows iniciam sempre \u00e0s 18h, exceto no domingo que a programa\u00e7\u00e3o infantil come\u00e7a \u00e0s 17h","og_url":"https:\/\/www.comunicarmais.com.br\/site\/2025\/09\/18\/viver-salvador-e-festival-da-primavera-ocupam-centro-historico-com-mais-de-20-shows-neste-final-de-semana\/","og_site_name":"Comunicar Mais","article_publisher":"https:\/\/www.facebook.com\/comunicarmais\/","article_author":"https:\/\/www.facebook.com\/comunicarmais\/","article_published_time":"2025-09-18T19:51:00+00:00","article_modified_time":"2025-09-19T08:27:41+00:00","og_image":[{"width":1280,"height":853,"url":"https:\/\/www.comunicarmais.com.br\/site\/wp-content\/uploads\/2025\/09\/WhatsApp-Image-2025-09-18-at-16.33.47.jpeg","type":"image\/jpeg"}],"author":"Comunicar Mais","twitter_card":"summary_large_image","twitter_creator":"@ComunicarmaisBA","twitter_site":"@ComunicarmaisBA","twitter_misc":{"Escrito por":"Comunicar Mais","Est. tempo de leitura":"5 minutos"},"schema":{"@context":"https:\/\/schema.org","@graph":[{"@type":"WebPage","@id":"https:\/\/www.comunicarmais.com.br\/site\/2025\/09\/18\/viver-salvador-e-festival-da-primavera-ocupam-centro-historico-com-mais-de-20-shows-neste-final-de-semana\/","url":"https:\/\/www.comunicarmais.com.br\/site\/2025\/09\/18\/viver-salvador-e-festival-da-primavera-ocupam-centro-historico-com-mais-de-20-shows-neste-final-de-semana\/","name":"Viver Salvador e Festival da Primavera ocupam Centro Hist\u00f3rico com mais de 20 shows neste final de semana - Comunicar Mais","isPartOf":{"@id":"https:\/\/www.comunicarmais.com.br\/site\/#website"},"primaryImageOfPage":{"@id":"https:\/\/www.comunicarmais.com.br\/site\/2025\/09\/18\/viver-salvador-e-festival-da-primavera-ocupam-centro-historico-com-mais-de-20-shows-neste-final-de-semana\/#primaryimage"},"image":{"@id":"https:\/\/www.comunicarmais.com.br\/site\/2025\/09\/18\/viver-salvador-e-festival-da-primavera-ocupam-centro-historico-com-mais-de-20-shows-neste-final-de-semana\/#primaryimage"},"thumbnailUrl":"https:\/\/www.comunicarmais.com.br\/site\/wp-content\/uploads\/2025\/09\/WhatsApp-Image-2025-09-18-at-16.33.47.jpeg","datePublished":"2025-09-18T19:51:00+00:00","dateModified":"2025-09-19T08:27:41+00:00","author":{"@id":"https:\/\/www.comunicarmais.com.br\/site\/#\/schema\/person\/712f7b6b25b644e4a91c4173674cf284"},"description":"Shows iniciam sempre \u00e0s 18h, exceto no domingo que a programa\u00e7\u00e3o infantil come\u00e7a \u00e0s 17h","breadcrumb":{"@id":"https:\/\/www.comunicarmais.com.br\/site\/2025\/09\/18\/viver-salvador-e-festival-da-primavera-ocupam-centro-historico-com-mais-de-20-shows-neste-final-de-semana\/#breadcrumb"},"inLanguage":"pt-BR","potentialAction":[{"@type":"ReadAction","target":["https:\/\/www.comunicarmais.com.br\/site\/2025\/09\/18\/viver-salvador-e-festival-da-primavera-ocupam-centro-historico-com-mais-de-20-shows-neste-final-de-semana\/"]}]},{"@type":"ImageObject","inLanguage":"pt-BR","@id":"https:\/\/www.comunicarmais.com.br\/site\/2025\/09\/18\/viver-salvador-e-festival-da-primavera-ocupam-centro-historico-com-mais-de-20-shows-neste-final-de-semana\/#primaryimage","url":"https:\/\/www.comunicarmais.com.br\/site\/wp-content\/uploads\/2025\/09\/WhatsApp-Image-2025-09-18-at-16.33.47.jpeg","contentUrl":"https:\/\/www.comunicarmais.com.br\/site\/wp-content\/uploads\/2025\/09\/WhatsApp-Image-2025-09-18-at-16.33.47.jpeg","width":1280,"height":853},{"@type":"BreadcrumbList","@id":"https:\/\/www.comunicarmais.com.br\/site\/2025\/09\/18\/viver-salvador-e-festival-da-primavera-ocupam-centro-historico-com-mais-de-20-shows-neste-final-de-semana\/#breadcrumb","itemListElement":[{"@type":"ListItem","position":1,"name":"In\u00edcio","item":"https:\/\/www.comunicarmais.com.br\/site\/"},{"@type":"ListItem","position":2,"name":"Viver Salvador e Festival da Primavera ocupam Centro Hist\u00f3rico com mais de 20 shows neste final de semana"}]},{"@type":"WebSite","@id":"https:\/\/www.comunicarmais.com.br\/site\/#website","url":"https:\/\/www.comunicarmais.com.br\/site\/","name":"Comunicar Mais","description":"","potentialAction":[{"@type":"SearchAction","target":{"@type":"EntryPoint","urlTemplate":"https:\/\/www.comunicarmais.com.br\/site\/?s={search_term_string}"},"query-input":{"@type":"PropertyValueSpecification","valueRequired":true,"valueName":"search_term_string"}}],"inLanguage":"pt-BR"},{"@type":"Person","@id":"https:\/\/www.comunicarmais.com.br\/site\/#\/schema\/person\/712f7b6b25b644e4a91c4173674cf284","name":"Comunicar Mais","image":{"@type":"ImageObject","inLanguage":"pt-BR","@id":"https:\/\/www.comunicarmais.com.br\/site\/#\/schema\/person\/image\/","url":"https:\/\/secure.gravatar.com\/avatar\/9803218072e2c0dc265d3d787b54c2c33325e79f79732707fddfbf1efd82c678?s=96&d=mm&r=g","contentUrl":"https:\/\/secure.gravatar.com\/avatar\/9803218072e2c0dc265d3d787b54c2c33325e79f79732707fddfbf1efd82c678?s=96&d=mm&r=g","caption":"Comunicar Mais"},"description":"Deixe as ideologias com os ide\u00f3logos. Noticiamos fatos, n\u00e3o brigamos com eles. Aqui, voc\u00ea fica bem informado do que acontece no seu bairro e no mundo. Informar com \u00e9tica e responsabilidade s\u00e3o as bandeiras do Comunicarmais.","sameAs":["https:\/\/www.comunicarmais.com.br\/site\/","https:\/\/www.facebook.com\/comunicarmais\/","https:\/\/www.instagram.com\/comunicarmaisba\/","https:\/\/x.com\/ComunicarmaisBA"],"url":"https:\/\/www.comunicarmais.com.br\/site\/author\/gerenciador\/"}]}},"_links":{"self":[{"href":"https:\/\/www.comunicarmais.com.br\/site\/wp-json\/wp\/v2\/posts\/10146","targetHints":{"allow":["GET"]}}],"collection":[{"href":"https:\/\/www.comunicarmais.com.br\/site\/wp-json\/wp\/v2\/posts"}],"about":[{"href":"https:\/\/www.comunicarmais.com.br\/site\/wp-json\/wp\/v2\/types\/post"}],"author":[{"embeddable":true,"href":"https:\/\/www.comunicarmais.com.br\/site\/wp-json\/wp\/v2\/users\/2"}],"replies":[{"embeddable":true,"href":"https:\/\/www.comunicarmais.com.br\/site\/wp-json\/wp\/v2\/comments?post=10146"}],"version-history":[{"count":1,"href":"https:\/\/www.comunicarmais.com.br\/site\/wp-json\/wp\/v2\/posts\/10146\/revisions"}],"predecessor-version":[{"id":10149,"href":"https:\/\/www.comunicarmais.com.br\/site\/wp-json\/wp\/v2\/posts\/10146\/revisions\/10149"}],"wp:featuredmedia":[{"embeddable":true,"href":"https:\/\/www.comunicarmais.com.br\/site\/wp-json\/wp\/v2\/media\/10148"}],"wp:attachment":[{"href":"https:\/\/www.comunicarmais.com.br\/site\/wp-json\/wp\/v2\/media?parent=10146"}],"wp:term":[{"taxonomy":"category","embeddable":true,"href":"https:\/\/www.comunicarmais.com.br\/site\/wp-json\/wp\/v2\/categories?post=10146"},{"taxonomy":"post_tag","embeddable":true,"href":"https:\/\/www.comunicarmais.com.br\/site\/wp-json\/wp\/v2\/tags?post=10146"}],"curies":[{"name":"wp","href":"https:\/\/api.w.org\/{rel}","templated":true}]}}